{"id":8651,"date":"2026-08-28T16:48:17","date_gmt":"2026-08-28T23:48:17","guid":{"rendered":"https:\/\/newspepper.mx\/?p=8651"},"modified":"2026-08-28T16:48:17","modified_gmt":"2026-08-28T23:48:17","slug":"gobernadores-de-la-4t-expresan-respaldo-a-sheinbaum-y-llaman-a-rocha-moya-a-actuar-con-responsabilidad","status":"publish","type":"post","link":"https:\/\/newspepper.mx\/?p=8651","title":{"rendered":"Gobernadores de la 4T expresan respaldo a Sheinbaum y llaman a Rocha Moya a actuar con responsabilidad"},"content":{"rendered":"\n<p>Gobernadoras y gobernadores de la <strong>Cuarta Transformaci\u00f3n<\/strong> manifestaron su respaldo a la presidenta <strong>Claudia Sheinbaum Pardo<\/strong> mediante un pronunciamiento conjunto en el que tambi\u00e9n hicieron un llamado a mantener la unidad, la legalidad y el compromiso con el proyecto pol\u00edtico que encabeza.<\/p>\n\n\n\n<p>En el documento, las y los mandatarios se\u00f1alaron que Sheinbaum cuenta con el apoyo de los gobiernos estatales emanados del movimiento y destacaron su conducci\u00f3n al frente del pa\u00eds. La gobernadora de Baja California, <strong>Marina del Pilar Avila Olmeda<\/strong>, se sum\u00f3 al posicionamiento y al llamado para privilegiar la institucionalidad.<\/p>\n\n\n\n<figure class=\"wp-block-image size-large\"><img loading=\"lazy\" decoding=\"async\" width=\"819\" height=\"1024\" src=\"https:\/\/newspepper.mx\/wp-content\/uploads\/2026\/08\/PHOTO-2026-08-21-17-49-53-2-819x1024.jpg\" alt=\"\" class=\"wp-image-8653\" srcset=\"https:\/\/newspepper.mx\/wp-content\/uploads\/2026\/08\/PHOTO-2026-08-21-17-49-53-2-819x1024.jpg 819w, https:\/\/newspepper.mx\/wp-content\/uploads\/2026\/08\/PHOTO-2026-08-21-17-49-53-2-240x300.jpg 240w, https:\/\/newspepper.mx\/wp-content\/uploads\/2026\/08\/PHOTO-2026-08-21-17-49-53-2-768x960.jpg 768w, https:\/\/newspepper.mx\/wp-content\/uploads\/2026\/08\/PHOTO-2026-08-21-17-49-53-2.jpg 1024w\" sizes=\"auto, (max-width: 819px) 100vw, 819px\" \/><\/figure>\n\n\n\n<p>El pronunciamiento tambi\u00e9n estuvo dirigido al gobernador de Sinaloa, <strong>Rub\u00e9n Rocha Moya<\/strong>, a quien solicitaron conducirse con \u201cmadurez y responsabilidad\u201d, al considerar que las decisiones de car\u00e1cter personal o de grupo no deben anteponerse a los principios y objetivos colectivos del movimiento.<\/p>\n\n\n\n<p>Las y los gobernadores reiteraron su compromiso con la <strong>democracia, la legalidad y la continuidad de la llamada Cuarta Transformaci\u00f3n<\/strong>, iniciada durante el gobierno del expresidente Andr\u00e9s Manuel L\u00f3pez Obrador y encabezada actualmente por Sheinbaum.<\/p>\n\n\n\n<p>Finalmente, el posicionamiento retom\u00f3 el principio juarista <strong>\u201cAl margen de la ley, nada; por encima de la ley, nadie\u201d<\/strong>, como parte del llamado a mantener la unidad y actuar dentro del marco institucional.<\/p>\n","protected":false},"excerpt":{"rendered":"<p>Gobernadoras y gobernadores de la 4T expresaron su respaldo a Claudia Sheinbaum y llamaron al gobernador de Sinaloa, Rub\u00e9n Rocha Moya, a conducirse con madurez y responsabilidad.<\/p>\n","protected":false},"author":7,"featured_media":8652,"comment_status":"open","ping_status":"open","sticky":false,"template":"","format":"standard","meta":{"footnotes":""},"categories":[7],"tags":[203,5089,345,324,276,6852,2343,202],"class_list":["post-8651","post","type-post","status-publish","format-standard","has-post-thumbnail","hentry","category-politics","tag-bajacalifornia","tag-claudia-sheinbaum","tag-mexicali","tag-mexico-2","tag-politica","tag-rocha-moya","tag-sinaloa","tag-tijuana"],"_links":{"self":[{"href":"https:\/\/newspepper.mx\/index.php?rest_route=\/wp\/v2\/posts\/8651","targetHints":{"allow":["GET"]}}],"collection":[{"href":"https:\/\/newspepper.mx\/index.php?rest_route=\/wp\/v2\/posts"}],"about":[{"href":"https:\/\/newspepper.mx\/index.php?rest_route=\/wp\/v2\/types\/post"}],"author":[{"embeddable":true,"href":"https:\/\/newspepper.mx\/index.php?rest_route=\/wp\/v2\/users\/7"}],"replies":[{"embeddable":true,"href":"https:\/\/newspepper.mx\/index.php?rest_route=%2Fwp%2Fv2%2Fcomments&post=8651"}],"version-history":[{"count":1,"href":"https:\/\/newspepper.mx\/index.php?rest_route=\/wp\/v2\/posts\/8651\/revisions"}],"predecessor-version":[{"id":8654,"href":"https:\/\/newspepper.mx\/index.php?rest_route=\/wp\/v2\/posts\/8651\/revisions\/8654"}],"wp:featuredmedia":[{"embeddable":true,"href":"https:\/\/newspepper.mx\/index.php?rest_route=\/wp\/v2\/media\/8652"}],"wp:attachment":[{"href":"https:\/\/newspepper.mx\/index.php?rest_route=%2Fwp%2Fv2%2Fmedia&parent=8651"}],"wp:term":[{"taxonomy":"category","embeddable":true,"href":"https:\/\/newspepper.mx\/index.php?rest_route=%2Fwp%2Fv2%2Fcategories&post=8651"},{"taxonomy":"post_tag","embeddable":true,"href":"https:\/\/newspepper.mx\/index.php?rest_route=%2Fwp%2Fv2%2Ftags&post=8651"}],"curies":[{"name":"wp","href":"https:\/\/api.w.org\/{rel}","templated":true}]}}