{"id":8648,"date":"2026-08-28T16:45:20","date_gmt":"2026-08-28T23:45:20","guid":{"rendered":"https:\/\/newspepper.mx\/?p=8648"},"modified":"2026-08-28T16:45:20","modified_gmt":"2026-08-28T23:45:20","slug":"baja-california-prepara-regreso-a-clases-con-nuevos-planteles-libros-y-apoyos-educativos","status":"publish","type":"post","link":"https:\/\/newspepper.mx\/?p=8648","title":{"rendered":"Baja California prepara regreso a clases con nuevos planteles, libros y apoyos educativos"},"content":{"rendered":"\n<p>Autoridades estatales informaron que se encuentran preparando las escuelas para el <strong>inicio del nuevo ciclo escolar este 31 de agosto<\/strong>, con acciones que incluyen distribuci\u00f3n de libros, alimentaci\u00f3n escolar, becas, infraestructura y apoyos al magisterio.<\/p>\n\n\n\n<p>Para el regreso a las aulas se distribuir\u00e1n <strong>m\u00e1s de 4 millones de libros de texto gratuitos<\/strong>, con el objetivo de que las y los estudiantes cuenten con ellos desde el primer d\u00eda. Adem\u00e1s, continuar\u00e1 la entrega diaria de <strong>desayunos y comidas calientes en todas las primarias p\u00fablicas del estado<\/strong>.<\/p>\n\n\n\n<p>En materia de infraestructura, se pondr\u00e1n en marcha <strong>ocho nuevas escuelas con una inversi\u00f3n de 263 millones de pesos<\/strong>, entre ellas el CBTIS 310 y el Bachillerato Nacional Margarita Maza, ambos en Tijuana. Tambi\u00e9n continuar\u00e1n los apoyos para estudiantes con discapacidad, buen aprovechamiento y de nivel superior, complementando las becas federales Rita Cetina y Benito Ju\u00e1rez.<\/p>\n\n\n\n<p>Respecto al magisterio, se inform\u00f3 que el <strong>31 de julio se realiz\u00f3 el pago retroactivo del incremento salarial correspondiente a 2026<\/strong>, mientras que a partir de la segunda quincena de agosto el aumento comenzar\u00e1 a reflejarse de manera permanente en el salario.<\/p>\n\n\n\n<p>En total, se destinar\u00e1n <strong>m\u00e1s de 91 mil millones de pesos para fortalecer la educaci\u00f3n b\u00e1sica<\/strong>, incluyendo n\u00f3minas y pensiones, alimentaci\u00f3n para estudiantes, as\u00ed como construcci\u00f3n, rehabilitaci\u00f3n y equipamiento de planteles educativos.<\/p>\n","protected":false},"excerpt":{"rendered":"<p>Baja California prepara el regreso a clases del 31 de agosto con m\u00e1s de 4 millones de libros gratuitos, ocho nuevas escuelas y una inversi\u00f3n superior a 91 mil millones de pesos para educaci\u00f3n b\u00e1sica.<\/p>\n","protected":false},"author":7,"featured_media":8649,"comment_status":"open","ping_status":"open","sticky":false,"template":"","format":"standard","meta":{"footnotes":""},"categories":[516,7],"tags":[6851,203,1391,5640,5655,345,324,276,6850,202],"class_list":["post-8648","post","type-post","status-publish","format-standard","has-post-thumbnail","hentry","category-education","category-politics","tag-apoyos","tag-bajacalifornia","tag-educacion-2","tag-gobiernobc","tag-marina-del-pilar","tag-mexicali","tag-mexico-2","tag-politica","tag-regreso-a-clases","tag-tijuana"],"_links":{"self":[{"href":"https:\/\/newspepper.mx\/index.php?rest_route=\/wp\/v2\/posts\/8648","targetHints":{"allow":["GET"]}}],"collection":[{"href":"https:\/\/newspepper.mx\/index.php?rest_route=\/wp\/v2\/posts"}],"about":[{"href":"https:\/\/newspepper.mx\/index.php?rest_route=\/wp\/v2\/types\/post"}],"author":[{"embeddable":true,"href":"https:\/\/newspepper.mx\/index.php?rest_route=\/wp\/v2\/users\/7"}],"replies":[{"embeddable":true,"href":"https:\/\/newspepper.mx\/index.php?rest_route=%2Fwp%2Fv2%2Fcomments&post=8648"}],"version-history":[{"count":1,"href":"https:\/\/newspepper.mx\/index.php?rest_route=\/wp\/v2\/posts\/8648\/revisions"}],"predecessor-version":[{"id":8650,"href":"https:\/\/newspepper.mx\/index.php?rest_route=\/wp\/v2\/posts\/8648\/revisions\/8650"}],"wp:featuredmedia":[{"embeddable":true,"href":"https:\/\/newspepper.mx\/index.php?rest_route=\/wp\/v2\/media\/8649"}],"wp:attachment":[{"href":"https:\/\/newspepper.mx\/index.php?rest_route=%2Fwp%2Fv2%2Fmedia&parent=8648"}],"wp:term":[{"taxonomy":"category","embeddable":true,"href":"https:\/\/newspepper.mx\/index.php?rest_route=%2Fwp%2Fv2%2Fcategories&post=8648"},{"taxonomy":"post_tag","embeddable":true,"href":"https:\/\/newspepper.mx\/index.php?rest_route=%2Fwp%2Fv2%2Ftags&post=8648"}],"curies":[{"name":"wp","href":"https:\/\/api.w.org\/{rel}","templated":true}]}}