{"id":8645,"date":"2026-08-28T16:43:24","date_gmt":"2026-08-28T23:43:24","guid":{"rendered":"https:\/\/newspepper.mx\/?p=8645"},"modified":"2026-08-28T16:43:24","modified_gmt":"2026-08-28T23:43:24","slug":"baja-california-se-suma-a-jornada-nacional-con-la-plantacion-de-mas-de-35-mil-especies","status":"publish","type":"post","link":"https:\/\/newspepper.mx\/?p=8645","title":{"rendered":"Baja California se suma a jornada nacional con la plantaci\u00f3n de m\u00e1s de 35 mil especies"},"content":{"rendered":"\n<p>Baja California se sum\u00f3 a la <strong>Jornada Nacional de Reforestaci\u00f3n<\/strong>, iniciativa encabezada a nivel federal por la presidenta Claudia Sheinbaum Pardo, con acciones enfocadas en la recuperaci\u00f3n y conservaci\u00f3n de los ecosistemas de la entidad.<\/p>\n\n\n\n<p>Como parte de la estrategia ambiental, se contempla la <strong>plantaci\u00f3n de m\u00e1s de 35 mil nuevas especies<\/strong>, adem\u00e1s de la intervenci\u00f3n de <strong>100 hect\u00e1reas<\/strong> mediante trabajos de restauraci\u00f3n y conservaci\u00f3n en diferentes zonas del estado.<\/p>\n\n\n\n<p>En Tecate se realizaron actividades de reforestaci\u00f3n como parte de la jornada, destacando la importancia de recuperar \u00e1reas naturales y fortalecer las acciones destinadas a la protecci\u00f3n del medio ambiente.<\/p>\n\n\n\n<p>Las labores buscan contribuir a la <strong>recuperaci\u00f3n de los ecosistemas, el cuidado del agua y la conservaci\u00f3n de los recursos naturales<\/strong>, adem\u00e1s de generar mejores condiciones ambientales para las pr\u00f3ximas generaciones.<\/p>\n\n\n\n<p>Con estas acciones, Baja California busca avanzar hacia un modelo m\u00e1s sostenible mediante la restauraci\u00f3n de espacios naturales y la participaci\u00f3n en estrategias de reforestaci\u00f3n de alcance nacional.<\/p>\n","protected":false},"excerpt":{"rendered":"<p>Baja California plantar\u00e1 m\u00e1s de 35 mil nuevas especies e intervendr\u00e1 100 hect\u00e1reas para restaurar y conservar ecosistemas como parte de la Jornada Nacional de Reforestaci\u00f3n.<\/p>\n","protected":false},"author":7,"featured_media":8646,"comment_status":"open","ping_status":"open","sticky":false,"template":"","format":"standard","meta":{"footnotes":""},"categories":[7],"tags":[203,6524,5655,345,324,199,202],"class_list":["post-8645","post","type-post","status-publish","format-standard","has-post-thumbnail","hentry","category-politics","tag-bajacalifornia","tag-gobierno-bc","tag-marina-del-pilar","tag-mexicali","tag-mexico-2","tag-tecate","tag-tijuana"],"_links":{"self":[{"href":"https:\/\/newspepper.mx\/index.php?rest_route=\/wp\/v2\/posts\/8645","targetHints":{"allow":["GET"]}}],"collection":[{"href":"https:\/\/newspepper.mx\/index.php?rest_route=\/wp\/v2\/posts"}],"about":[{"href":"https:\/\/newspepper.mx\/index.php?rest_route=\/wp\/v2\/types\/post"}],"author":[{"embeddable":true,"href":"https:\/\/newspepper.mx\/index.php?rest_route=\/wp\/v2\/users\/7"}],"replies":[{"embeddable":true,"href":"https:\/\/newspepper.mx\/index.php?rest_route=%2Fwp%2Fv2%2Fcomments&post=8645"}],"version-history":[{"count":1,"href":"https:\/\/newspepper.mx\/index.php?rest_route=\/wp\/v2\/posts\/8645\/revisions"}],"predecessor-version":[{"id":8647,"href":"https:\/\/newspepper.mx\/index.php?rest_route=\/wp\/v2\/posts\/8645\/revisions\/8647"}],"wp:featuredmedia":[{"embeddable":true,"href":"https:\/\/newspepper.mx\/index.php?rest_route=\/wp\/v2\/media\/8646"}],"wp:attachment":[{"href":"https:\/\/newspepper.mx\/index.php?rest_route=%2Fwp%2Fv2%2Fmedia&parent=8645"}],"wp:term":[{"taxonomy":"category","embeddable":true,"href":"https:\/\/newspepper.mx\/index.php?rest_route=%2Fwp%2Fv2%2Fcategories&post=8645"},{"taxonomy":"post_tag","embeddable":true,"href":"https:\/\/newspepper.mx\/index.php?rest_route=%2Fwp%2Fv2%2Ftags&post=8645"}],"curies":[{"name":"wp","href":"https:\/\/api.w.org\/{rel}","templated":true}]}}