{"id":8641,"date":"2026-08-28T16:39:49","date_gmt":"2026-08-28T23:39:49","guid":{"rendered":"https:\/\/newspepper.mx\/?p=8641"},"modified":"2026-08-28T16:39:49","modified_gmt":"2026-08-28T23:39:49","slug":"gobernadores-de-la-4t-cierran-filas-en-defensa-de-la-soberania-de-mexico","status":"publish","type":"post","link":"https:\/\/newspepper.mx\/?p=8641","title":{"rendered":"Gobernadores de la 4T cierran filas en defensa de la soberan\u00eda de M\u00e9xico"},"content":{"rendered":"\n<p>Gobernadoras y gobernadores de la <strong>Cuarta Transformaci\u00f3n<\/strong> emitieron un pronunciamiento conjunto en el que reafirmaron su compromiso con la defensa de la soberan\u00eda nacional, la democracia, la justicia social y las causas de la poblaci\u00f3n.<\/p>\n\n\n\n<p>Las y los mandatarios rechazaron las campa\u00f1as y se\u00f1alamientos que, aseguraron, buscan desacreditar al movimiento, y afirmaron que responder\u00e1n ante la desinformaci\u00f3n, presiones o amenazas con <strong>trabajo, responsabilidad y resultados<\/strong> desde sus respectivas administraciones.<\/p>\n\n\n\n<figure class=\"wp-block-image size-large\"><img loading=\"lazy\" decoding=\"async\" width=\"819\" height=\"1024\" src=\"https:\/\/newspepper.mx\/wp-content\/uploads\/2026\/08\/PHOTO-2026-08-14-18-49-22-2-819x1024.jpg\" alt=\"\" class=\"wp-image-8643\" srcset=\"https:\/\/newspepper.mx\/wp-content\/uploads\/2026\/08\/PHOTO-2026-08-14-18-49-22-2-819x1024.jpg 819w, https:\/\/newspepper.mx\/wp-content\/uploads\/2026\/08\/PHOTO-2026-08-14-18-49-22-2-240x300.jpg 240w, https:\/\/newspepper.mx\/wp-content\/uploads\/2026\/08\/PHOTO-2026-08-14-18-49-22-2-768x960.jpg 768w, https:\/\/newspepper.mx\/wp-content\/uploads\/2026\/08\/PHOTO-2026-08-14-18-49-22-2.jpg 1080w\" sizes=\"auto, (max-width: 819px) 100vw, 819px\" \/><\/figure>\n\n\n\n<p>En el documento tambi\u00e9n manifestaron su rechazo a <strong>cualquier intento de injerencia extranjera<\/strong> en asuntos nacionales, al se\u00f1alar que las decisiones que corresponden al pa\u00eds deben mantenerse en manos del pueblo de M\u00e9xico y sus instituciones.<\/p>\n\n\n\n<p>El posicionamiento fue suscrito por titulares de <strong>24 gobiernos estatales y de la Ciudad de M\u00e9xico<\/strong>, entre ellos Baja California, Baja California Sur, Sonora, Sinaloa, Estado de M\u00e9xico, Veracruz, Yucat\u00e1n y otras entidades gobernadas por fuerzas vinculadas a la 4T.<\/p>\n\n\n\n<p>Finalmente, las y los mandatarios aseguraron que continuar\u00e1n trabajando en favor de la transformaci\u00f3n de la vida p\u00fablica, la justicia social y la democracia, reiterando su compromiso con la independencia y soberan\u00eda nacional.<\/p>\n","protected":false},"excerpt":{"rendered":"<p>Gobernadoras y gobernadores de la 4T emitieron un pronunciamiento conjunto en defensa de la soberan\u00eda de M\u00e9xico y rechazaron cualquier intento de injerencia extranjera.<\/p>\n","protected":false},"author":7,"featured_media":8642,"comment_status":"open","ping_status":"open","sticky":false,"template":"","format":"standard","meta":{"footnotes":""},"categories":[7],"tags":[6795,203,5089,5655,324,6742,813,276,6849],"class_list":["post-8641","post","type-post","status-publish","format-standard","has-post-thumbnail","hentry","category-politics","tag-4t","tag-bajacalifornia","tag-claudia-sheinbaum","tag-marina-del-pilar","tag-mexico-2","tag-nacional","tag-noticias","tag-politica","tag-soberania"],"_links":{"self":[{"href":"https:\/\/newspepper.mx\/index.php?rest_route=\/wp\/v2\/posts\/8641","targetHints":{"allow":["GET"]}}],"collection":[{"href":"https:\/\/newspepper.mx\/index.php?rest_route=\/wp\/v2\/posts"}],"about":[{"href":"https:\/\/newspepper.mx\/index.php?rest_route=\/wp\/v2\/types\/post"}],"author":[{"embeddable":true,"href":"https:\/\/newspepper.mx\/index.php?rest_route=\/wp\/v2\/users\/7"}],"replies":[{"embeddable":true,"href":"https:\/\/newspepper.mx\/index.php?rest_route=%2Fwp%2Fv2%2Fcomments&post=8641"}],"version-history":[{"count":1,"href":"https:\/\/newspepper.mx\/index.php?rest_route=\/wp\/v2\/posts\/8641\/revisions"}],"predecessor-version":[{"id":8644,"href":"https:\/\/newspepper.mx\/index.php?rest_route=\/wp\/v2\/posts\/8641\/revisions\/8644"}],"wp:featuredmedia":[{"embeddable":true,"href":"https:\/\/newspepper.mx\/index.php?rest_route=\/wp\/v2\/media\/8642"}],"wp:attachment":[{"href":"https:\/\/newspepper.mx\/index.php?rest_route=%2Fwp%2Fv2%2Fmedia&parent=8641"}],"wp:term":[{"taxonomy":"category","embeddable":true,"href":"https:\/\/newspepper.mx\/index.php?rest_route=%2Fwp%2Fv2%2Fcategories&post=8641"},{"taxonomy":"post_tag","embeddable":true,"href":"https:\/\/newspepper.mx\/index.php?rest_route=%2Fwp%2Fv2%2Ftags&post=8641"}],"curies":[{"name":"wp","href":"https:\/\/api.w.org\/{rel}","templated":true}]}}