{"id":8633,"date":"2026-08-28T16:26:04","date_gmt":"2026-08-28T23:26:04","guid":{"rendered":"https:\/\/newspepper.mx\/?p=8633"},"modified":"2026-08-28T16:26:04","modified_gmt":"2026-08-28T23:26:04","slug":"impulsan-programas-para-fortalecer-emprendimientos-y-mipymes-en-baja-california","status":"publish","type":"post","link":"https:\/\/newspepper.mx\/?p=8633","title":{"rendered":"Impulsan programas para fortalecer emprendimientos y MiPyMEs en Baja California"},"content":{"rendered":"\n<p>Autoridades estatales presentaron una serie de acciones para <strong>impulsar el talento y los negocios bajacalifornianos<\/strong>, mediante capacitaci\u00f3n, mentor\u00edas, apoyos econ\u00f3micos y espacios de vinculaci\u00f3n con grandes compradores y nuevos mercados.<\/p>\n\n\n\n<p>Las actividades comenzar\u00e1n el <strong>1 de septiembre en Baja Studios, Playas de Rosarito<\/strong>, con <strong>CREOMX<\/strong>, un encuentro gratuito que contar\u00e1 con conferencias, talleres, mentor\u00edas y espacios de vinculaci\u00f3n para personas emprendedoras. Adem\u00e1s, a trav\u00e9s de <strong>CREA Tu Negocio<\/strong> se ofrecer\u00e1n est\u00edmulos de <strong>50, 30 y 20 mil pesos<\/strong> a las mejores propuestas.<\/p>\n\n\n\n<figure class=\"wp-block-image size-large\"><img loading=\"lazy\" decoding=\"async\" width=\"819\" height=\"1024\" src=\"https:\/\/newspepper.mx\/wp-content\/uploads\/2026\/08\/785215853_1614870900010589_8989556346739058258_n-819x1024.jpg\" alt=\"\" class=\"wp-image-8635\" srcset=\"https:\/\/newspepper.mx\/wp-content\/uploads\/2026\/08\/785215853_1614870900010589_8989556346739058258_n-819x1024.jpg 819w, https:\/\/newspepper.mx\/wp-content\/uploads\/2026\/08\/785215853_1614870900010589_8989556346739058258_n-240x300.jpg 240w, https:\/\/newspepper.mx\/wp-content\/uploads\/2026\/08\/785215853_1614870900010589_8989556346739058258_n-768x960.jpg 768w, https:\/\/newspepper.mx\/wp-content\/uploads\/2026\/08\/785215853_1614870900010589_8989556346739058258_n.jpg 960w\" sizes=\"auto, (max-width: 819px) 100vw, 819px\" \/><\/figure>\n\n\n\n<p>Para el <strong>4 de septiembre en Tijuana<\/strong> se realizar\u00e1 el <strong>Encuentro de Negocios Baja California: Conecta &amp; Crece<\/strong>, donde las micro, peque\u00f1as y medianas empresas podr\u00e1n presentar directamente sus productos y servicios ante grandes compa\u00f1\u00edas, buscando generar nuevas oportunidades comerciales.<\/p>\n\n\n\n<p>Ese mismo d\u00eda se llevar\u00e1 a cabo el <strong>Tercer Foro de Comercio Exterior<\/strong>, dirigido a empresas interesadas en exportar y aprovechar la ubicaci\u00f3n fronteriza de Baja California para ampliar su presencia en mercados nacionales e internacionales.<\/p>\n\n\n\n<p>Con estas iniciativas se busca acompa\u00f1ar a los negocios desde su creaci\u00f3n y crecimiento hasta su vinculaci\u00f3n comercial, fortaleciendo a quienes <strong>emprenden, producen y generan empleos en Baja California<\/strong>.<\/p>\n\n\n\n<h3 class=\"wp-block-heading\"><\/h3>\n","protected":false},"excerpt":{"rendered":"<p>Baja California anunci\u00f3 encuentros, capacitaciones y est\u00edmulos econ\u00f3micos para impulsar a emprendedores y MiPyMEs, conectarlos con grandes empresas y facilitar su acceso a nuevos mercados.<\/p>\n","protected":false},"author":7,"featured_media":8634,"comment_status":"open","ping_status":"open","sticky":false,"template":"","format":"standard","meta":{"footnotes":""},"categories":[4,7],"tags":[203,281,3956,345,324,2587,813,276,2006,202,365],"class_list":["post-8633","post","type-post","status-publish","format-standard","has-post-thumbnail","hentry","category-business","category-politics","tag-bajacalifornia","tag-emprendedores","tag-emprendedoresbc","tag-mexicali","tag-mexico-2","tag-negocios","tag-noticias","tag-politica","tag-pymes","tag-tijuana","tag-ultimahora"],"_links":{"self":[{"href":"https:\/\/newspepper.mx\/index.php?rest_route=\/wp\/v2\/posts\/8633","targetHints":{"allow":["GET"]}}],"collection":[{"href":"https:\/\/newspepper.mx\/index.php?rest_route=\/wp\/v2\/posts"}],"about":[{"href":"https:\/\/newspepper.mx\/index.php?rest_route=\/wp\/v2\/types\/post"}],"author":[{"embeddable":true,"href":"https:\/\/newspepper.mx\/index.php?rest_route=\/wp\/v2\/users\/7"}],"replies":[{"embeddable":true,"href":"https:\/\/newspepper.mx\/index.php?rest_route=%2Fwp%2Fv2%2Fcomments&post=8633"}],"version-history":[{"count":1,"href":"https:\/\/newspepper.mx\/index.php?rest_route=\/wp\/v2\/posts\/8633\/revisions"}],"predecessor-version":[{"id":8636,"href":"https:\/\/newspepper.mx\/index.php?rest_route=\/wp\/v2\/posts\/8633\/revisions\/8636"}],"wp:featuredmedia":[{"embeddable":true,"href":"https:\/\/newspepper.mx\/index.php?rest_route=\/wp\/v2\/media\/8634"}],"wp:attachment":[{"href":"https:\/\/newspepper.mx\/index.php?rest_route=%2Fwp%2Fv2%2Fmedia&parent=8633"}],"wp:term":[{"taxonomy":"category","embeddable":true,"href":"https:\/\/newspepper.mx\/index.php?rest_route=%2Fwp%2Fv2%2Fcategories&post=8633"},{"taxonomy":"post_tag","embeddable":true,"href":"https:\/\/newspepper.mx\/index.php?rest_route=%2Fwp%2Fv2%2Ftags&post=8633"}],"curies":[{"name":"wp","href":"https:\/\/api.w.org\/{rel}","templated":true}]}}