{"id":8626,"date":"2026-08-28T15:28:42","date_gmt":"2026-08-28T22:28:42","guid":{"rendered":"https:\/\/newspepper.mx\/?p=8626"},"modified":"2026-08-28T15:28:42","modified_gmt":"2026-08-28T22:28:42","slug":"mejoran-vialidades-y-servicios-en-colinas-del-sol","status":"publish","type":"post","link":"https:\/\/newspepper.mx\/?p=8626","title":{"rendered":"Mejoran vialidades y servicios en Colinas del Sol"},"content":{"rendered":"\n<p>M\u00e1s de <strong>14 mil metros cuadrados de vialidad<\/strong> fueron intervenidos en la colonia <strong>Colinas del Sol<\/strong>, como parte de trabajos destinados a mejorar la movilidad y las condiciones de las calles para las familias de la zona.<\/p>\n\n\n\n<p>Las obras incluyeron la transformaci\u00f3n de vialidades, adem\u00e1s de la instalaci\u00f3n de <strong>nuevas tomas de agua y drenaje<\/strong>, con el objetivo de fortalecer los servicios b\u00e1sicos para los residentes.<\/p>\n\n\n\n<p>El proyecto tambi\u00e9n contempl\u00f3 la colocaci\u00f3n de <strong>se\u00f1alamiento vial y alumbrado p\u00fablico<\/strong>, elementos que buscan brindar mayor seguridad tanto a peatones como a automovilistas que transitan diariamente por la comunidad.<\/p>\n\n\n\n<p>Con estas acciones se busca mejorar la movilidad y contar con calles m\u00e1s seguras y funcionales, adem\u00e1s de renovar parte de la infraestructura urbana y de servicios de Colinas del Sol.<\/p>\n","protected":false},"excerpt":{"rendered":"<p>M\u00e1s de 14 mil metros cuadrados de vialidad fueron mejorados en Colinas del Sol, junto con nuevas instalaciones de agua, drenaje, alumbrado y se\u00f1alamiento vial.<\/p>\n","protected":false},"author":7,"featured_media":8627,"comment_status":"open","ping_status":"open","sticky":false,"template":"","format":"standard","meta":{"footnotes":""},"categories":[6501,7],"tags":[203,6524,5655,6844,345,324,276,202,365,6843,5993],"class_list":["post-8626","post","type-post","status-publish","format-standard","has-post-thumbnail","hentry","category-la-baja","category-politics","tag-bajacalifornia","tag-gobierno-bc","tag-marina-del-pilar","tag-mejoras","tag-mexicali","tag-mexico-2","tag-politica","tag-tijuana","tag-ultimahora","tag-viviend","tag-viviendas"],"_links":{"self":[{"href":"https:\/\/newspepper.mx\/index.php?rest_route=\/wp\/v2\/posts\/8626","targetHints":{"allow":["GET"]}}],"collection":[{"href":"https:\/\/newspepper.mx\/index.php?rest_route=\/wp\/v2\/posts"}],"about":[{"href":"https:\/\/newspepper.mx\/index.php?rest_route=\/wp\/v2\/types\/post"}],"author":[{"embeddable":true,"href":"https:\/\/newspepper.mx\/index.php?rest_route=\/wp\/v2\/users\/7"}],"replies":[{"embeddable":true,"href":"https:\/\/newspepper.mx\/index.php?rest_route=%2Fwp%2Fv2%2Fcomments&post=8626"}],"version-history":[{"count":1,"href":"https:\/\/newspepper.mx\/index.php?rest_route=\/wp\/v2\/posts\/8626\/revisions"}],"predecessor-version":[{"id":8628,"href":"https:\/\/newspepper.mx\/index.php?rest_route=\/wp\/v2\/posts\/8626\/revisions\/8628"}],"wp:featuredmedia":[{"embeddable":true,"href":"https:\/\/newspepper.mx\/index.php?rest_route=\/wp\/v2\/media\/8627"}],"wp:attachment":[{"href":"https:\/\/newspepper.mx\/index.php?rest_route=%2Fwp%2Fv2%2Fmedia&parent=8626"}],"wp:term":[{"taxonomy":"category","embeddable":true,"href":"https:\/\/newspepper.mx\/index.php?rest_route=%2Fwp%2Fv2%2Fcategories&post=8626"},{"taxonomy":"post_tag","embeddable":true,"href":"https:\/\/newspepper.mx\/index.php?rest_route=%2Fwp%2Fv2%2Ftags&post=8626"}],"curies":[{"name":"wp","href":"https:\/\/api.w.org\/{rel}","templated":true}]}}