{"id":8620,"date":"2026-08-28T15:22:09","date_gmt":"2026-08-28T22:22:09","guid":{"rendered":"https:\/\/newspepper.mx\/?p=8620"},"modified":"2026-08-28T15:22:09","modified_gmt":"2026-08-28T22:22:09","slug":"egresa-septima-generacion-de-mujeres-al-volante-en-baja-california","status":"publish","type":"post","link":"https:\/\/newspepper.mx\/?p=8620","title":{"rendered":"Egresa s\u00e9ptima generaci\u00f3n de \u201cMujeres al Volante\u201d en Baja California"},"content":{"rendered":"\n<p>Una nueva generaci\u00f3n de mujeres concluy\u00f3 su preparaci\u00f3n como parte del programa <strong>\u201cMujeres al Volante\u201d<\/strong>, iniciativa enfocada en brindar herramientas que fortalezcan su autonom\u00eda y generen nuevas oportunidades de desarrollo.<\/p>\n\n\n\n<p>La <strong>s\u00e9ptima generaci\u00f3n<\/strong> celebr\u00f3 el cumplimiento de una meta que va m\u00e1s all\u00e1 de aprender a conducir, al representar tambi\u00e9n la posibilidad de ampliar sus oportunidades personales, familiares y laborales.<\/p>\n\n\n\n<p>A trav\u00e9s de la capacitaci\u00f3n, las participantes adquirieron conocimientos y habilidades para desenvolverse al volante, avanzando hacia una mayor independencia y nuevas alternativas para mejorar sus condiciones de vida.<\/p>\n\n\n\n<p>Con esta graduaci\u00f3n, \u201cMujeres al Volante\u201d suma una nueva generaci\u00f3n de participantes que culminan su preparaci\u00f3n y cuentan con herramientas para continuar construyendo su propio camino.<\/p>\n","protected":false},"excerpt":{"rendered":"<p>La s\u00e9ptima generaci\u00f3n de \u201cMujeres al Volante\u201d concluy\u00f3 su preparaci\u00f3n, fortaleciendo su autonom\u00eda y abriendo nuevas oportunidades para ellas y sus familias.<\/p>\n","protected":false},"author":7,"featured_media":8621,"comment_status":"open","ping_status":"open","sticky":false,"template":"","format":"standard","meta":{"footnotes":""},"categories":[7],"tags":[203,6837,6524,6839,345,324,6838,276,202,365],"class_list":["post-8620","post","type-post","status-publish","format-standard","has-post-thumbnail","hentry","category-politics","tag-bajacalifornia","tag-egeresadas","tag-gobierno-bc","tag-marina-del-plar","tag-mexicali","tag-mexico-2","tag-mujeres-al-volante","tag-politica","tag-tijuana","tag-ultimahora"],"_links":{"self":[{"href":"https:\/\/newspepper.mx\/index.php?rest_route=\/wp\/v2\/posts\/8620","targetHints":{"allow":["GET"]}}],"collection":[{"href":"https:\/\/newspepper.mx\/index.php?rest_route=\/wp\/v2\/posts"}],"about":[{"href":"https:\/\/newspepper.mx\/index.php?rest_route=\/wp\/v2\/types\/post"}],"author":[{"embeddable":true,"href":"https:\/\/newspepper.mx\/index.php?rest_route=\/wp\/v2\/users\/7"}],"replies":[{"embeddable":true,"href":"https:\/\/newspepper.mx\/index.php?rest_route=%2Fwp%2Fv2%2Fcomments&post=8620"}],"version-history":[{"count":1,"href":"https:\/\/newspepper.mx\/index.php?rest_route=\/wp\/v2\/posts\/8620\/revisions"}],"predecessor-version":[{"id":8622,"href":"https:\/\/newspepper.mx\/index.php?rest_route=\/wp\/v2\/posts\/8620\/revisions\/8622"}],"wp:featuredmedia":[{"embeddable":true,"href":"https:\/\/newspepper.mx\/index.php?rest_route=\/wp\/v2\/media\/8621"}],"wp:attachment":[{"href":"https:\/\/newspepper.mx\/index.php?rest_route=%2Fwp%2Fv2%2Fmedia&parent=8620"}],"wp:term":[{"taxonomy":"category","embeddable":true,"href":"https:\/\/newspepper.mx\/index.php?rest_route=%2Fwp%2Fv2%2Fcategories&post=8620"},{"taxonomy":"post_tag","embeddable":true,"href":"https:\/\/newspepper.mx\/index.php?rest_route=%2Fwp%2Fv2%2Ftags&post=8620"}],"curies":[{"name":"wp","href":"https:\/\/api.w.org\/{rel}","templated":true}]}}