{"id":8602,"date":"2026-08-28T14:51:01","date_gmt":"2026-08-28T21:51:01","guid":{"rendered":"https:\/\/newspepper.mx\/?p=8602"},"modified":"2026-08-28T14:51:01","modified_gmt":"2026-08-28T21:51:01","slug":"buscan-transformar-antiguo-deposito-de-residuos-en-parque-ecologico-en-tecate","status":"publish","type":"post","link":"https:\/\/newspepper.mx\/?p=8602","title":{"rendered":"Buscan transformar antiguo dep\u00f3sito de residuos en parque ecol\u00f3gico en Tecate"},"content":{"rendered":"\n<p>La diputada <strong>Teresita del Ni\u00f1o Jes\u00fas \u201cTere\u201d Ruiz Mendoza<\/strong> solicit\u00f3 al Gobierno del Estado la construcci\u00f3n de un <strong>parque ecol\u00f3gico tur\u00edstico en la colonia Guajardo de Tecate<\/strong>, en un predio que anteriormente funcion\u00f3 como dep\u00f3sito y centro de transferencia de residuos s\u00f3lidos.<\/p>\n\n\n\n<p>La legisladora se\u00f1al\u00f3 que durante a\u00f1os el terreno represent\u00f3 un foco de contaminaci\u00f3n para las familias de la zona y que su recuperaci\u00f3n permitir\u00eda convertirlo en un espacio destinado al <strong>medio ambiente, la convivencia familiar y el bienestar de la comunidad<\/strong>.<\/p>\n\n\n\n<p>Ruiz Mendoza record\u00f3 que en octubre de 2024 present\u00f3 un exhorto para solicitar el cierre definitivo del centro de transferencia, medida que fue aprobada por unanimidad. Posteriormente, en julio de 2025, se inform\u00f3 oficialmente sobre su clausura.<\/p>\n\n\n\n<p>Adem\u00e1s, durante julio pasado se realizaron trabajos de limpieza con maquinaria especializada, logrando recuperar pr\u00e1cticamente la totalidad del terreno y abriendo la posibilidad de darle un nuevo uso en beneficio de los habitantes de Tecate.<\/p>\n\n\n\n<p>El exhorto dirigido a la <strong>Secretar\u00eda de Infraestructura, Desarrollo Urbano y Reordenaci\u00f3n Territorial del Estado<\/strong> fue aprobado por el Pleno del Congreso, dando paso a las gestiones para impulsar el proyecto ecol\u00f3gico y comunitario.<\/p>\n\n\n\n<h3 class=\"wp-block-heading\"><\/h3>\n","protected":false},"excerpt":{"rendered":"<p>Buscan convertir un antiguo centro de transferencia de residuos de la colonia Guajardo, en Tecate, en un parque ecol\u00f3gico para recuperar el espacio y beneficiar a las familias de la zona.<\/p>\n","protected":false},"author":7,"featured_media":8603,"comment_status":"open","ping_status":"open","sticky":false,"template":"","format":"standard","meta":{"footnotes":""},"categories":[7],"tags":[203,6513,2959,6829,6827,788,345,324,6828,276,199,6825,6826,202],"class_list":["post-8602","post","type-post","status-publish","format-standard","has-post-thumbnail","hentry","category-politics","tag-bajacalifornia","tag-congreso-bc","tag-diputados","tag-ecologia","tag-habilitar","tag-infraestructura","tag-mexicali","tag-mexico-2","tag-parque-ecologico","tag-politica","tag-tecate","tag-tere-rui","tag-tere-ruiz","tag-tijuana"],"_links":{"self":[{"href":"https:\/\/newspepper.mx\/index.php?rest_route=\/wp\/v2\/posts\/8602","targetHints":{"allow":["GET"]}}],"collection":[{"href":"https:\/\/newspepper.mx\/index.php?rest_route=\/wp\/v2\/posts"}],"about":[{"href":"https:\/\/newspepper.mx\/index.php?rest_route=\/wp\/v2\/types\/post"}],"author":[{"embeddable":true,"href":"https:\/\/newspepper.mx\/index.php?rest_route=\/wp\/v2\/users\/7"}],"replies":[{"embeddable":true,"href":"https:\/\/newspepper.mx\/index.php?rest_route=%2Fwp%2Fv2%2Fcomments&post=8602"}],"version-history":[{"count":1,"href":"https:\/\/newspepper.mx\/index.php?rest_route=\/wp\/v2\/posts\/8602\/revisions"}],"predecessor-version":[{"id":8604,"href":"https:\/\/newspepper.mx\/index.php?rest_route=\/wp\/v2\/posts\/8602\/revisions\/8604"}],"wp:featuredmedia":[{"embeddable":true,"href":"https:\/\/newspepper.mx\/index.php?rest_route=\/wp\/v2\/media\/8603"}],"wp:attachment":[{"href":"https:\/\/newspepper.mx\/index.php?rest_route=%2Fwp%2Fv2%2Fmedia&parent=8602"}],"wp:term":[{"taxonomy":"category","embeddable":true,"href":"https:\/\/newspepper.mx\/index.php?rest_route=%2Fwp%2Fv2%2Fcategories&post=8602"},{"taxonomy":"post_tag","embeddable":true,"href":"https:\/\/newspepper.mx\/index.php?rest_route=%2Fwp%2Fv2%2Ftags&post=8602"}],"curies":[{"name":"wp","href":"https:\/\/api.w.org\/{rel}","templated":true}]}}