{"id":8599,"date":"2026-08-28T14:47:48","date_gmt":"2026-08-28T21:47:48","guid":{"rendered":"https:\/\/newspepper.mx\/?p=8599"},"modified":"2026-08-28T14:47:48","modified_gmt":"2026-08-28T21:47:48","slug":"aprueban-ampliar-exencion-de-derechos-municipales-para-trabajadores-agricolas-en-san-quintin","status":"publish","type":"post","link":"https:\/\/newspepper.mx\/?p=8599","title":{"rendered":"Aprueban ampliar exenci\u00f3n de derechos municipales para trabajadores agr\u00edcolas en San Quint\u00edn"},"content":{"rendered":"\n<p>La Comisi\u00f3n de Hacienda y Presupuesto del Congreso del Estado aprob\u00f3 una iniciativa para <strong>ampliar la exenci\u00f3n temporal de derechos municipales en San Quint\u00edn<\/strong>, dirigida a personas beneficiarias del Plan de Justicia para las Personas Trabajadoras Agr\u00edcolas.<\/p>\n\n\n\n<p>La reforma busca facilitar procedimientos relacionados con la <strong>regularizaci\u00f3n territorial, vivienda social, acceso a servicios b\u00e1sicos y certeza jur\u00eddica sobre el patrimonio<\/strong>, ampliando los beneficios establecidos previamente en la Ley de Ingresos del Municipio de San Quint\u00edn para 2026.<\/p>\n\n\n\n<p>Entre los cambios se contempla incluir los procesos de regularizaci\u00f3n realizados ante el <strong>Instituto Nacional del Suelo Sustentable (INSUS)<\/strong> y el Instituto para el Desarrollo Inmobiliario y de la Vivienda para el Estado de Baja California (INDIVI), adem\u00e1s de incorporar nuevos conceptos sujetos a exenci\u00f3n.<\/p>\n\n\n\n<p>La propuesta fue considerada viable por la Auditor\u00eda Superior del Estado y recibi\u00f3 <strong>ocho votos a favor, ninguno en contra y ninguna abstenci\u00f3n<\/strong> durante la sesi\u00f3n encabezada por la diputada Julia Andrea Gonz\u00e1lez Quiroz.<\/p>\n\n\n\n<p>La medida complementa la reforma aprobada el pasado 13 de agosto, con la que se estableci\u00f3 un esquema de exenciones para apoyar a trabajadores agr\u00edcolas de San Quint\u00edn y avanzar en la regularizaci\u00f3n de sus viviendas y asentamientos.<\/p>\n\n\n\n<h3 class=\"wp-block-heading\"><\/h3>\n","protected":false},"excerpt":{"rendered":"<p>Aprueban ampliar la exenci\u00f3n de derechos municipales en San Quint\u00edn para facilitar la regularizaci\u00f3n de viviendas, el acceso a servicios b\u00e1sicos y brindar mayor certeza patrimonial a trabajadores agr\u00edcolas.<\/p>\n","protected":false},"author":7,"featured_media":8600,"comment_status":"open","ping_status":"open","sticky":false,"template":"","format":"standard","meta":{"footnotes":""},"categories":[7],"tags":[446,203,5774,3306,345,324,276,6823,6824,202],"class_list":["post-8599","post","type-post","status-publish","format-standard","has-post-thumbnail","hentry","category-politics","tag-agricolas","tag-bajacalifornia","tag-derechos","tag-hacienda","tag-mexicali","tag-mexico-2","tag-politica","tag-san-quintin-2","tag-sustentable","tag-tijuana"],"_links":{"self":[{"href":"https:\/\/newspepper.mx\/index.php?rest_route=\/wp\/v2\/posts\/8599","targetHints":{"allow":["GET"]}}],"collection":[{"href":"https:\/\/newspepper.mx\/index.php?rest_route=\/wp\/v2\/posts"}],"about":[{"href":"https:\/\/newspepper.mx\/index.php?rest_route=\/wp\/v2\/types\/post"}],"author":[{"embeddable":true,"href":"https:\/\/newspepper.mx\/index.php?rest_route=\/wp\/v2\/users\/7"}],"replies":[{"embeddable":true,"href":"https:\/\/newspepper.mx\/index.php?rest_route=%2Fwp%2Fv2%2Fcomments&post=8599"}],"version-history":[{"count":1,"href":"https:\/\/newspepper.mx\/index.php?rest_route=\/wp\/v2\/posts\/8599\/revisions"}],"predecessor-version":[{"id":8601,"href":"https:\/\/newspepper.mx\/index.php?rest_route=\/wp\/v2\/posts\/8599\/revisions\/8601"}],"wp:featuredmedia":[{"embeddable":true,"href":"https:\/\/newspepper.mx\/index.php?rest_route=\/wp\/v2\/media\/8600"}],"wp:attachment":[{"href":"https:\/\/newspepper.mx\/index.php?rest_route=%2Fwp%2Fv2%2Fmedia&parent=8599"}],"wp:term":[{"taxonomy":"category","embeddable":true,"href":"https:\/\/newspepper.mx\/index.php?rest_route=%2Fwp%2Fv2%2Fcategories&post=8599"},{"taxonomy":"post_tag","embeddable":true,"href":"https:\/\/newspepper.mx\/index.php?rest_route=%2Fwp%2Fv2%2Ftags&post=8599"}],"curies":[{"name":"wp","href":"https:\/\/api.w.org\/{rel}","templated":true}]}}