{"id":8593,"date":"2026-08-28T14:39:29","date_gmt":"2026-08-28T21:39:29","guid":{"rendered":"https:\/\/newspepper.mx\/?p=8593"},"modified":"2026-08-28T14:39:29","modified_gmt":"2026-08-28T21:39:29","slug":"piden-medidas-urgentes-en-peligrosa-curva-de-la-carretera-tijuana-mexicali","status":"publish","type":"post","link":"https:\/\/newspepper.mx\/?p=8593","title":{"rendered":"Piden medidas urgentes en peligrosa curva de la carretera Tijuana\u2013Mexicali"},"content":{"rendered":"\n<p>La diputada <strong>Mar\u00eda Teresa \u201cMayth\u00e9\u201d M\u00e9ndez V\u00e9lez<\/strong> solicit\u00f3 al Gobierno Federal implementar medidas urgentes de seguridad vial en la curva ubicada en el <strong>kil\u00f3metro 118 de la carretera de cuota Tijuana\u2013Mexicali<\/strong>, a la entrada de Tecate, ante los accidentes registrados en la zona.<\/p>\n\n\n\n<p>La legisladora se\u00f1al\u00f3 que este tramo representa un riesgo para los automovilistas, principalmente por el <strong>exceso de velocidad y las reacciones tard\u00edas de los conductores<\/strong>. Adem\u00e1s, habitantes de la colonia San Jos\u00e9 han manifestado preocupaci\u00f3n debido a la cercan\u00eda de sus viviendas con la carretera.<\/p>\n\n\n\n<p>Entre los hechos recientes destac\u00f3 el accidente ocurrido el <strong>4 de agosto<\/strong>, cuando un tractocami\u00f3n volc\u00f3 en la zona y su conductor perdi\u00f3 la vida. Ante esta situaci\u00f3n, se plante\u00f3 reforzar el tramo con <strong>se\u00f1alamientos, mejor iluminaci\u00f3n, amortiguadores de impacto y un cerco de protecci\u00f3n<\/strong>.<\/p>\n\n\n\n<p>M\u00e9ndez V\u00e9lez sostuvo que las condiciones actuales de la zona, donde existen viviendas y desarrollos industriales cercanos, hacen necesario incrementar las medidas preventivas para reducir riesgos tanto para residentes como para quienes circulan diariamente por la carretera.<\/p>\n\n\n\n<p>El punto de acuerdo fue <strong>aprobado por unanimidad<\/strong> por el Pleno de la XXV Legislatura y dirigido a la Secretar\u00eda de Infraestructura, Comunicaciones y Transportes para solicitar atenci\u00f3n inmediata a la problem\u00e1tica.<\/p>\n","protected":false},"excerpt":{"rendered":"<p>El Congreso de Baja California solicit\u00f3 medidas urgentes de seguridad vial en la curva del kil\u00f3metro 118 de la carretera Tijuana\u2013Mexicali, considerada una zona de alto riesgo a la entrada de Tecate.<\/p>\n","protected":false},"author":7,"featured_media":8594,"comment_status":"open","ping_status":"open","sticky":false,"template":"","format":"standard","meta":{"footnotes":""},"categories":[7],"tags":[6756,203,6513,2959,345,324,276,6505,6819,202,3939],"class_list":["post-8593","post","type-post","status-publish","format-standard","has-post-thumbnail","hentry","category-politics","tag-autos","tag-bajacalifornia","tag-congreso-bc","tag-diputados","tag-mexicali","tag-mexico-2","tag-politica","tag-precaucion","tag-teresa-mendez","tag-tijuana","tag-vialidad"],"_links":{"self":[{"href":"https:\/\/newspepper.mx\/index.php?rest_route=\/wp\/v2\/posts\/8593","targetHints":{"allow":["GET"]}}],"collection":[{"href":"https:\/\/newspepper.mx\/index.php?rest_route=\/wp\/v2\/posts"}],"about":[{"href":"https:\/\/newspepper.mx\/index.php?rest_route=\/wp\/v2\/types\/post"}],"author":[{"embeddable":true,"href":"https:\/\/newspepper.mx\/index.php?rest_route=\/wp\/v2\/users\/7"}],"replies":[{"embeddable":true,"href":"https:\/\/newspepper.mx\/index.php?rest_route=%2Fwp%2Fv2%2Fcomments&post=8593"}],"version-history":[{"count":1,"href":"https:\/\/newspepper.mx\/index.php?rest_route=\/wp\/v2\/posts\/8593\/revisions"}],"predecessor-version":[{"id":8595,"href":"https:\/\/newspepper.mx\/index.php?rest_route=\/wp\/v2\/posts\/8593\/revisions\/8595"}],"wp:featuredmedia":[{"embeddable":true,"href":"https:\/\/newspepper.mx\/index.php?rest_route=\/wp\/v2\/media\/8594"}],"wp:attachment":[{"href":"https:\/\/newspepper.mx\/index.php?rest_route=%2Fwp%2Fv2%2Fmedia&parent=8593"}],"wp:term":[{"taxonomy":"category","embeddable":true,"href":"https:\/\/newspepper.mx\/index.php?rest_route=%2Fwp%2Fv2%2Fcategories&post=8593"},{"taxonomy":"post_tag","embeddable":true,"href":"https:\/\/newspepper.mx\/index.php?rest_route=%2Fwp%2Fv2%2Ftags&post=8593"}],"curies":[{"name":"wp","href":"https:\/\/api.w.org\/{rel}","templated":true}]}}