{"id":8581,"date":"2026-08-28T14:25:04","date_gmt":"2026-08-28T21:25:04","guid":{"rendered":"https:\/\/newspepper.mx\/?p=8581"},"modified":"2026-08-28T14:25:04","modified_gmt":"2026-08-28T21:25:04","slug":"proponen-ley-para-proteger-los-derechos-del-magisterio-y-personal-educativo-en-baja-california","status":"publish","type":"post","link":"https:\/\/newspepper.mx\/?p=8581","title":{"rendered":"Proponen ley para proteger los derechos del magisterio y personal educativo en Baja California"},"content":{"rendered":"\n<p>La diputada <strong>Dunnia Montserrat Murillo L\u00f3pez<\/strong> present\u00f3 una iniciativa para crear la <strong>Ley de Protecci\u00f3n al Entorno y los Derechos del Magisterio y del Personal Educativo de Baja California<\/strong>, con el objetivo de brindar protecci\u00f3n y acompa\u00f1amiento a trabajadores del sector educativo ante situaciones que pongan en riesgo su integridad.<\/p>\n\n\n\n<p>La propuesta contempla <strong>mecanismos de protecci\u00f3n institucional, acompa\u00f1amiento jur\u00eddico y atenci\u00f3n integral<\/strong> para docentes y personal educativo que enfrenten violencia, acoso, hostigamiento o denuncias y se\u00f1alamientos que, mediante resoluci\u00f3n firme, sean determinados como dolosos o infundados.<\/p>\n\n\n\n<p>La iniciativa tambi\u00e9n establece <strong>medidas temporales y emergentes<\/strong> cuando exista riesgo para la integridad f\u00edsica, psicol\u00f3gica, laboral o profesional del trabajador. Adem\u00e1s, contempla protocolos de actuaci\u00f3n, procedimientos para atender quejas y denuncias, confidencialidad y disposiciones relacionadas con violencia digital.<\/p>\n\n\n\n<p>Murillo L\u00f3pez destac\u00f3 que la denominada <strong>Ley PROTEM<\/strong> no busca limitar el derecho a denunciar ni obstaculizar investigaciones leg\u00edtimas relacionadas con violencia escolar o conductas indebidas, sino garantizar el debido proceso, la presunci\u00f3n de inocencia y los derechos laborales, sin afectar la protecci\u00f3n de ni\u00f1as, ni\u00f1os y adolescentes.<\/p>\n\n\n\n<p>La propuesta busca funcionar como un instrumento complementario al marco jur\u00eddico vigente y fortalecer las herramientas legales disponibles para el magisterio y el personal educativo de Baja California.<\/p>\n","protected":false},"excerpt":{"rendered":"<p>Proponen crear la Ley PROTEM en Baja California para brindar protecci\u00f3n, acompa\u00f1amiento jur\u00eddico y atenci\u00f3n integral al magisterio y personal educativo ante situaciones que pongan en riesgo su integridad y derechos.<\/p>\n","protected":false},"author":7,"featured_media":8582,"comment_status":"open","ping_status":"open","sticky":false,"template":"","format":"standard","meta":{"footnotes":""},"categories":[7],"tags":[203,364,5774,1391,6008,345,324,276,6814,202],"class_list":["post-8581","post","type-post","status-publish","format-standard","has-post-thumbnail","hentry","category-politics","tag-bajacalifornia","tag-breakingnews","tag-derechos","tag-educacion-2","tag-ley","tag-mexicali","tag-mexico-2","tag-politica","tag-protem","tag-tijuana"],"_links":{"self":[{"href":"https:\/\/newspepper.mx\/index.php?rest_route=\/wp\/v2\/posts\/8581","targetHints":{"allow":["GET"]}}],"collection":[{"href":"https:\/\/newspepper.mx\/index.php?rest_route=\/wp\/v2\/posts"}],"about":[{"href":"https:\/\/newspepper.mx\/index.php?rest_route=\/wp\/v2\/types\/post"}],"author":[{"embeddable":true,"href":"https:\/\/newspepper.mx\/index.php?rest_route=\/wp\/v2\/users\/7"}],"replies":[{"embeddable":true,"href":"https:\/\/newspepper.mx\/index.php?rest_route=%2Fwp%2Fv2%2Fcomments&post=8581"}],"version-history":[{"count":1,"href":"https:\/\/newspepper.mx\/index.php?rest_route=\/wp\/v2\/posts\/8581\/revisions"}],"predecessor-version":[{"id":8583,"href":"https:\/\/newspepper.mx\/index.php?rest_route=\/wp\/v2\/posts\/8581\/revisions\/8583"}],"wp:featuredmedia":[{"embeddable":true,"href":"https:\/\/newspepper.mx\/index.php?rest_route=\/wp\/v2\/media\/8582"}],"wp:attachment":[{"href":"https:\/\/newspepper.mx\/index.php?rest_route=%2Fwp%2Fv2%2Fmedia&parent=8581"}],"wp:term":[{"taxonomy":"category","embeddable":true,"href":"https:\/\/newspepper.mx\/index.php?rest_route=%2Fwp%2Fv2%2Fcategories&post=8581"},{"taxonomy":"post_tag","embeddable":true,"href":"https:\/\/newspepper.mx\/index.php?rest_route=%2Fwp%2Fv2%2Ftags&post=8581"}],"curies":[{"name":"wp","href":"https:\/\/api.w.org\/{rel}","templated":true}]}}