{"id":7997,"date":"2026-07-13T12:24:21","date_gmt":"2026-07-13T19:24:21","guid":{"rendered":"https:\/\/newspepper.mx\/?p=7997"},"modified":"2026-07-13T12:24:21","modified_gmt":"2026-07-13T19:24:21","slug":"concluye-la-reparacion-del-booster-el-carrizo-avanza-el-restablecimiento-gradual-del-suministro-de-agua","status":"publish","type":"post","link":"https:\/\/newspepper.mx\/?p=7997","title":{"rendered":"CONCLUYE LA REPARACI\u00d3N DEL BOOSTER EL CARRIZO; AVANZA EL RESTABLECIMIENTO GRADUAL DEL SUMINISTRO DE AGUA"},"content":{"rendered":"\n<p>Personal t\u00e9cnico de la Comisi\u00f3n Estatal de Servicios P\u00fablicos de Tijuana (CESPT) trabaja de manera ininterrumpida para atender la falla registrada en el sistema Booster El Carrizo, infraestructura encargada de impulsar el agua desde la Presa El Carrizo hacia la Planta Potabilizadora El Florido, donde posteriormente es tratada para su distribuci\u00f3n a miles de hogares de Tijuana.<\/p>\n\n\n\n<p>En cuanto se detect\u00f3 el problema, se activaron los protocolos de atenci\u00f3n y se integr\u00f3 un grupo de especialistas para realizar el diagn\u00f3stico del equipo, definir la estrategia de reparaci\u00f3n y dar seguimiento permanente a las labores t\u00e9cnicas.<\/p>\n\n\n\n<p>El subdirector T\u00e9cnico de la CESPT, Jos\u00e9 D\u00edaz Verdugo, explic\u00f3 que la evaluaci\u00f3n permiti\u00f3 identificar un da\u00f1o en uno de los equipos principales del sistema Booster El Carrizo, por lo que fue necesario desmontar algunos de sus componentes para que sean revisados y reparados por especialistas, en coordinaci\u00f3n con personal t\u00e9cnico de la Comisi\u00f3n Estatal del Agua.<\/p>\n\n\n\n<figure class=\"wp-block-image size-large is-resized\"><img loading=\"lazy\" decoding=\"async\" width=\"1024\" height=\"1024\" src=\"https:\/\/newspepper.mx\/wp-content\/uploads\/2026\/07\/WhatsApp-Image-2026-07-12-at-12.14.37-2-1024x1024.jpeg\" alt=\"\" class=\"wp-image-7999\" style=\"width:537px;height:auto\" srcset=\"https:\/\/newspepper.mx\/wp-content\/uploads\/2026\/07\/WhatsApp-Image-2026-07-12-at-12.14.37-2-1024x1024.jpeg 1024w, https:\/\/newspepper.mx\/wp-content\/uploads\/2026\/07\/WhatsApp-Image-2026-07-12-at-12.14.37-2-300x300.jpeg 300w, https:\/\/newspepper.mx\/wp-content\/uploads\/2026\/07\/WhatsApp-Image-2026-07-12-at-12.14.37-2-150x150.jpeg 150w, https:\/\/newspepper.mx\/wp-content\/uploads\/2026\/07\/WhatsApp-Image-2026-07-12-at-12.14.37-2-768x768.jpeg 768w, https:\/\/newspepper.mx\/wp-content\/uploads\/2026\/07\/WhatsApp-Image-2026-07-12-at-12.14.37-2.jpeg 1280w\" sizes=\"auto, (max-width: 1024px) 100vw, 1024px\" \/><\/figure>\n\n\n\n<p>A\u00f1adi\u00f3 que el personal especializado ha trabajado de manera continua desde que se present\u00f3 la falla, concentrando sus esfuerzos en el diagn\u00f3stico y la reparaci\u00f3n del equipo para recuperar su operaci\u00f3n de forma segura.<\/p>\n\n\n\n<p>Como consecuencia de esta falla, el volumen de agua que llega a la Planta Potabilizadora El Florido disminuy\u00f3 aproximadamente un 12 por ciento, lo que ha generado afectaciones en el suministro de agua potable en 203 colonias de Tijuana.<\/p>\n\n\n\n<p>Precis\u00f3 que el sistema de bombeo se vuelve indispensable para mantener la capacidad de conducci\u00f3n hacia la Planta Potabilizadora El Florido y una falla en este equipo reduce el volumen de agua que puede potabilizarse y distribuirse, generando bajas presiones y afectaciones temporales en el servicio.&nbsp;<\/p>\n\n\n\n<figure class=\"wp-block-image size-large is-resized\"><img loading=\"lazy\" decoding=\"async\" width=\"1024\" height=\"1024\" src=\"https:\/\/newspepper.mx\/wp-content\/uploads\/2026\/07\/WhatsApp-Image-2026-07-12-at-12.14.38-1024x1024.jpeg\" alt=\"\" class=\"wp-image-8000\" style=\"width:537px;height:auto\" srcset=\"https:\/\/newspepper.mx\/wp-content\/uploads\/2026\/07\/WhatsApp-Image-2026-07-12-at-12.14.38-1024x1024.jpeg 1024w, https:\/\/newspepper.mx\/wp-content\/uploads\/2026\/07\/WhatsApp-Image-2026-07-12-at-12.14.38-300x300.jpeg 300w, https:\/\/newspepper.mx\/wp-content\/uploads\/2026\/07\/WhatsApp-Image-2026-07-12-at-12.14.38-150x150.jpeg 150w, https:\/\/newspepper.mx\/wp-content\/uploads\/2026\/07\/WhatsApp-Image-2026-07-12-at-12.14.38-768x768.jpeg 768w, https:\/\/newspepper.mx\/wp-content\/uploads\/2026\/07\/WhatsApp-Image-2026-07-12-at-12.14.38-1536x1536.jpeg 1536w, https:\/\/newspepper.mx\/wp-content\/uploads\/2026\/07\/WhatsApp-Image-2026-07-12-at-12.14.38.jpeg 1600w\" sizes=\"auto, (max-width: 1024px) 100vw, 1024px\" \/><\/figure>\n\n\n\n<p>Ante esta situaci\u00f3n, la directora general de la CESPT, M\u00f3nica Vega Aguirre, reconoci\u00f3 las afectaciones que esta contingencia representa para las familias y asegur\u00f3 que la prioridad de la paraestatal es atender tanto la reparaci\u00f3n del sistema como las necesidades de la poblaci\u00f3n mientras se normaliza el servicio.<\/p>\n\n\n\n<p>&#8220;Sabemos que la falta de agua impacta directamente la vida de las familias y entendemos las dificultades que esto representa. Quiero decirles que nuestro personal no ha dejado de trabajar desde que se detect\u00f3 la falla y que seguiremos informando con oportunidad sobre cada avance. Mientras el sistema recupera su operaci\u00f3n, tambi\u00e9n estaremos acercando apoyo a las zonas que presentan mayores afectaciones&#8221;, expres\u00f3.<\/p>\n\n\n\n<p>En lo que se realizan las labores de reparaci\u00f3n, la CESPT suministrar\u00e1 agua mediante pipas en las colonias afectadas, priorizando las zonas que presenten mayor necesidad. Los recorridos, horarios y puntos de abastecimiento se ajustar\u00e1n conforme evolucionen las condiciones del sistema y las necesidades de la poblaci\u00f3n.<\/p>\n\n\n\n<figure class=\"wp-block-image size-large is-resized\"><img loading=\"lazy\" decoding=\"async\" width=\"1024\" height=\"1024\" src=\"https:\/\/newspepper.mx\/wp-content\/uploads\/2026\/07\/WhatsApp-Image-2026-07-12-at-12.14.37-1-1-1024x1024.jpeg\" alt=\"\" class=\"wp-image-8002\" style=\"width:556px;height:auto\" srcset=\"https:\/\/newspepper.mx\/wp-content\/uploads\/2026\/07\/WhatsApp-Image-2026-07-12-at-12.14.37-1-1-1024x1024.jpeg 1024w, https:\/\/newspepper.mx\/wp-content\/uploads\/2026\/07\/WhatsApp-Image-2026-07-12-at-12.14.37-1-1-300x300.jpeg 300w, https:\/\/newspepper.mx\/wp-content\/uploads\/2026\/07\/WhatsApp-Image-2026-07-12-at-12.14.37-1-1-150x150.jpeg 150w, https:\/\/newspepper.mx\/wp-content\/uploads\/2026\/07\/WhatsApp-Image-2026-07-12-at-12.14.37-1-1-768x768.jpeg 768w, https:\/\/newspepper.mx\/wp-content\/uploads\/2026\/07\/WhatsApp-Image-2026-07-12-at-12.14.37-1-1.jpeg 1280w\" sizes=\"auto, (max-width: 1024px) 100vw, 1024px\" \/><\/figure>\n\n\n\n<p>Para que las y los usuarios cuenten con informaci\u00f3n oportuna, en las redes sociales oficiales de la CESPT se publicar\u00e1n el listado completo de las colonias afectadas, la ubicaci\u00f3n de las pipas, sus recorridos de abastecimiento y las actualizaciones sobre el avance de la reparaci\u00f3n y la recuperaci\u00f3n gradual del servicio.<\/p>\n\n\n\n<p>Finalmente, se invita a la ciudadan\u00eda a mantenerse informada exclusivamente a trav\u00e9s de los canales oficiales de la Comisi\u00f3n, donde continuar\u00e1 public\u00e1ndose informaci\u00f3n confirmada conforme se registren nuevos avances.<\/p>\n","protected":false},"excerpt":{"rendered":"<p>Desde que se detect\u00f3 el problema se activaron los protocolos de atenci\u00f3n; especialistas trabajan en la reparaci\u00f3n del equipo y la Comisi\u00f3n brindar\u00e1 apoyo mediante pipas, adem\u00e1s de mantener informada a la ciudadan\u00eda sobre los avances.<\/p>\n","protected":false},"author":7,"featured_media":8001,"comment_status":"open","ping_status":"open","sticky":false,"template":"","format":"standard","meta":{"footnotes":""},"categories":[7],"tags":[1598,3957,203,590,6427,324,5690,276,202,365],"class_list":["post-7997","post","type-post","status-publish","format-standard","has-post-thumbnail","hentry","category-politics","tag-agua","tag-aguapotable","tag-bajacalifornia","tag-cespt","tag-federal","tag-mexico-2","tag-monicavega","tag-politica","tag-tijuana","tag-ultimahora"],"_links":{"self":[{"href":"https:\/\/newspepper.mx\/index.php?rest_route=\/wp\/v2\/posts\/7997","targetHints":{"allow":["GET"]}}],"collection":[{"href":"https:\/\/newspepper.mx\/index.php?rest_route=\/wp\/v2\/posts"}],"about":[{"href":"https:\/\/newspepper.mx\/index.php?rest_route=\/wp\/v2\/types\/post"}],"author":[{"embeddable":true,"href":"https:\/\/newspepper.mx\/index.php?rest_route=\/wp\/v2\/users\/7"}],"replies":[{"embeddable":true,"href":"https:\/\/newspepper.mx\/index.php?rest_route=%2Fwp%2Fv2%2Fcomments&post=7997"}],"version-history":[{"count":1,"href":"https:\/\/newspepper.mx\/index.php?rest_route=\/wp\/v2\/posts\/7997\/revisions"}],"predecessor-version":[{"id":8003,"href":"https:\/\/newspepper.mx\/index.php?rest_route=\/wp\/v2\/posts\/7997\/revisions\/8003"}],"wp:featuredmedia":[{"embeddable":true,"href":"https:\/\/newspepper.mx\/index.php?rest_route=\/wp\/v2\/media\/8001"}],"wp:attachment":[{"href":"https:\/\/newspepper.mx\/index.php?rest_route=%2Fwp%2Fv2%2Fmedia&parent=7997"}],"wp:term":[{"taxonomy":"category","embeddable":true,"href":"https:\/\/newspepper.mx\/index.php?rest_route=%2Fwp%2Fv2%2Fcategories&post=7997"},{"taxonomy":"post_tag","embeddable":true,"href":"https:\/\/newspepper.mx\/index.php?rest_route=%2Fwp%2Fv2%2Ftags&post=7997"}],"curies":[{"name":"wp","href":"https:\/\/api.w.org\/{rel}","templated":true}]}}