{"id":7985,"date":"2026-07-10T13:45:25","date_gmt":"2026-07-10T20:45:25","guid":{"rendered":"https:\/\/newspepper.mx\/?p=7985"},"modified":"2026-07-10T13:45:25","modified_gmt":"2026-07-10T20:45:25","slug":"avanzan-los-trabajos-para-recuperar-el-suministro-de-agua-en-colonias-de-tijuana","status":"publish","type":"post","link":"https:\/\/newspepper.mx\/?p=7985","title":{"rendered":"AVANZAN LOS TRABAJOS PARA RECUPERAR EL SUMINISTRO DE AGUA EN COLONIAS DE TIJUANA"},"content":{"rendered":"\n<p>Los trabajos para reparar el equipo Booster de la Presa El Carrizo, cuya falla ocasion\u00f3 afectaciones en el suministro de agua en distintas colonias de Tijuana, avanzan conforme a lo programado, por lo que se estar\u00e1 en condiciones de iniciar la recuperaci\u00f3n paulatina del servicio de agua potable a partir del martes 14 de julio.<\/p>\n\n\n\n<p>El subdirector t\u00e9cnico de la Comisi\u00f3n Estatal de Servicios P\u00fablicos de Tijuana (CESPT), ingeniero Jos\u00e9 D\u00edaz Verdugo, inform\u00f3 que especialistas de la Comisi\u00f3n Estatal del Agua (CEA), organismo sectorizado a la Secretar\u00eda para el Manejo, Saneamiento y Protecci\u00f3n del Agua (SEPROA), trabajan de manera coordinada con personal t\u00e9cnico de la CESPT en la rehabilitaci\u00f3n del equipo.<\/p>\n\n\n\n<figure class=\"wp-block-image size-large is-resized\"><img loading=\"lazy\" decoding=\"async\" width=\"768\" height=\"1024\" src=\"https:\/\/newspepper.mx\/wp-content\/uploads\/2026\/07\/ces2-768x1024.jpeg\" alt=\"\" class=\"wp-image-7987\" style=\"width:491px;height:auto\" srcset=\"https:\/\/newspepper.mx\/wp-content\/uploads\/2026\/07\/ces2-768x1024.jpeg 768w, https:\/\/newspepper.mx\/wp-content\/uploads\/2026\/07\/ces2-225x300.jpeg 225w, https:\/\/newspepper.mx\/wp-content\/uploads\/2026\/07\/ces2.jpeg 960w\" sizes=\"auto, (max-width: 768px) 100vw, 768px\" \/><\/figure>\n\n\n\n<p>Para agilizar las maniobras de reparaci\u00f3n, el equipo fue trasladado a los talleres del Acueducto R\u00edo Colorado-Tijuana (ARCT), donde se concentran los trabajos para restablecer su operaci\u00f3n.<\/p>\n\n\n\n<p>El Booster El Carrizo incrementa el caudal de agua que se impulsa desde la presa El Carrizo hacia la Planta Potabilizadora El Florido, por lo que su funcionamiento es indispensable para mantener el abastecimiento de agua en los sectores que actualmente presentan baja presi\u00f3n, intermitencias o falta de agua.<\/p>\n\n\n\n<figure class=\"wp-block-image size-large is-resized\"><img loading=\"lazy\" decoding=\"async\" width=\"768\" height=\"1024\" src=\"https:\/\/newspepper.mx\/wp-content\/uploads\/2026\/07\/ces3-768x1024.jpeg\" alt=\"\" class=\"wp-image-7988\" style=\"width:497px;height:auto\" srcset=\"https:\/\/newspepper.mx\/wp-content\/uploads\/2026\/07\/ces3-768x1024.jpeg 768w, https:\/\/newspepper.mx\/wp-content\/uploads\/2026\/07\/ces3-225x300.jpeg 225w, https:\/\/newspepper.mx\/wp-content\/uploads\/2026\/07\/ces3.jpeg 960w\" sizes=\"auto, (max-width: 768px) 100vw, 768px\" \/><\/figure>\n\n\n\n<p>Por su parte, la directora general de la CESPT, M\u00f3nica Vega Aguirre, inform\u00f3 que el organismo mantiene brigadas de atenci\u00f3n para suministrar agua potable en las colonias afectadas mientras concluyen los trabajos de reparaci\u00f3n.<\/p>\n\n\n\n<p>Asimismo, record\u00f3 que este servicio es completamente gratuito e invit\u00f3 a la ciudadan\u00eda a reportar cualquier intento de cobro directamente a la Comisi\u00f3n.<\/p>\n\n\n\n<p>La CESPT continuar\u00e1 informando oportunamente, a trav\u00e9s de sus redes sociales oficiales, sobre el avance de los trabajos y el proceso de recuperaci\u00f3n del servicio.<\/p>\n","protected":false},"excerpt":{"rendered":"<p>La reparaci\u00f3n del equipo permitir\u00e1 iniciar la recuperaci\u00f3n paulatina del servicio de agua potable a partir del martes 14 de julio.<\/p>\n","protected":false},"author":7,"featured_media":7986,"comment_status":"open","ping_status":"open","sticky":false,"template":"","format":"standard","meta":{"footnotes":""},"categories":[7],"tags":[1598,203,364,590,324,5690,307,813,6227,6386,202,365],"class_list":["post-7985","post","type-post","status-publish","format-standard","has-post-thumbnail","hentry","category-politics","tag-agua","tag-bajacalifornia","tag-breakingnews","tag-cespt","tag-mexico-2","tag-monicavega","tag-news","tag-noticias","tag-obras","tag-reparacion","tag-tijuana","tag-ultimahora"],"_links":{"self":[{"href":"https:\/\/newspepper.mx\/index.php?rest_route=\/wp\/v2\/posts\/7985","targetHints":{"allow":["GET"]}}],"collection":[{"href":"https:\/\/newspepper.mx\/index.php?rest_route=\/wp\/v2\/posts"}],"about":[{"href":"https:\/\/newspepper.mx\/index.php?rest_route=\/wp\/v2\/types\/post"}],"author":[{"embeddable":true,"href":"https:\/\/newspepper.mx\/index.php?rest_route=\/wp\/v2\/users\/7"}],"replies":[{"embeddable":true,"href":"https:\/\/newspepper.mx\/index.php?rest_route=%2Fwp%2Fv2%2Fcomments&post=7985"}],"version-history":[{"count":1,"href":"https:\/\/newspepper.mx\/index.php?rest_route=\/wp\/v2\/posts\/7985\/revisions"}],"predecessor-version":[{"id":7989,"href":"https:\/\/newspepper.mx\/index.php?rest_route=\/wp\/v2\/posts\/7985\/revisions\/7989"}],"wp:featuredmedia":[{"embeddable":true,"href":"https:\/\/newspepper.mx\/index.php?rest_route=\/wp\/v2\/media\/7986"}],"wp:attachment":[{"href":"https:\/\/newspepper.mx\/index.php?rest_route=%2Fwp%2Fv2%2Fmedia&parent=7985"}],"wp:term":[{"taxonomy":"category","embeddable":true,"href":"https:\/\/newspepper.mx\/index.php?rest_route=%2Fwp%2Fv2%2Fcategories&post=7985"},{"taxonomy":"post_tag","embeddable":true,"href":"https:\/\/newspepper.mx\/index.php?rest_route=%2Fwp%2Fv2%2Ftags&post=7985"}],"curies":[{"name":"wp","href":"https:\/\/api.w.org\/{rel}","templated":true}]}}