{"id":7125,"date":"2026-04-30T13:30:00","date_gmt":"2026-04-30T20:30:00","guid":{"rendered":"https:\/\/newspepper.mx\/?p=7125"},"modified":"2026-04-30T11:40:40","modified_gmt":"2026-04-30T18:40:40","slug":"patti-smith-gana-el-premio-princesa-de-asturias-de-las-artes-2026","status":"publish","type":"post","link":"https:\/\/newspepper.mx\/?p=7125","title":{"rendered":"Patti Smith gana el Premio Princesa de Asturias de las Artes 2026"},"content":{"rendered":"\n<p>La artista estadounidense Patti Smith fue galardonada con el Premio Princesa de Asturias de las Artes 2026, en reconocimiento a su destacada trayectoria en la m\u00fasica, la literatura y el arte.<\/p>\n\n\n\n<p>Considerada como \u201cla madrina del punk\u201d, Smith ha sido una de las figuras m\u00e1s influyentes del rock gracias a su estilo que mezcla poes\u00eda, rebeld\u00eda y cr\u00edtica social.<\/p>\n\n\n\n<p><strong>Trayectoria que marc\u00f3 al rock y la cultura<\/strong><\/p>\n\n\n\n<p>La carrera de Patti Smith despeg\u00f3 con su \u00e1lbum debut Horses, lanzado en 1975, el cual revolucion\u00f3 la escena musical con una propuesta feminista e intelectual dentro del punk.<\/p>\n\n\n\n<p>A lo largo de m\u00e1s de cinco d\u00e9cadas, ha creado canciones emblem\u00e1ticas como Because the Night y People Have the Power.<\/p>\n\n\n\n<p><strong>Reconocen su impacto art\u00edstico<\/strong><\/p>\n\n\n\n<p>El jurado destac\u00f3 su capacidad para unir el rock con la poes\u00eda y el esp\u00edritu de la contracultura, as\u00ed como su influencia en generaciones de artistas.<\/p>\n\n\n\n<p>Adem\u00e1s de su faceta musical, tambi\u00e9n ha desarrollado una carrera como escritora y artista visual, consolidando su legado en distintas disciplinas.<\/p>\n\n\n\n<p><strong>Un premio a la creaci\u00f3n art\u00edstica<\/strong><\/p>\n\n\n\n<p>El Premio Princesa de Asturias de las Artes reconoce la labor en \u00e1reas como la m\u00fasica, literatura, cine, danza y otras expresiones culturales.<\/p>\n\n\n\n<p>En esta edici\u00f3n, Smith fue elegida entre decenas de candidaturas de distintos pa\u00edses, tomando el relevo de la fot\u00f3grafa mexicana Graciela Iturbide, ganadora en 2025.<\/p>\n\n\n\n<p>Con este reconocimiento, Patti Smith reafirma su lugar como una de las figuras m\u00e1s importantes de la cultura contempor\u00e1nea.<\/p>\n","protected":false},"excerpt":{"rendered":"<p>La artista estadounidense Patti Smith fue galardonada con el Premio Princesa de Asturias de las Artes 2026, en reconocimiento a su destacada trayectoria en la m\u00fasica, la literatura y el&hellip;<\/p>\n","protected":false},"author":3,"featured_media":7126,"comment_status":"open","ping_status":"open","sticky":false,"template":"","format":"standard","meta":{"footnotes":""},"categories":[5],"tags":[1207,5957,800,5956,3194,5958,5959,1040],"class_list":["post-7125","post","type-post","status-publish","format-standard","has-post-thumbnail","hentry","category-entertainment","tag-arte","tag-asturias","tag-musica-2","tag-pattismith","tag-premio","tag-princesadeasturias","tag-punk","tag-rock"],"_links":{"self":[{"href":"https:\/\/newspepper.mx\/index.php?rest_route=\/wp\/v2\/posts\/7125","targetHints":{"allow":["GET"]}}],"collection":[{"href":"https:\/\/newspepper.mx\/index.php?rest_route=\/wp\/v2\/posts"}],"about":[{"href":"https:\/\/newspepper.mx\/index.php?rest_route=\/wp\/v2\/types\/post"}],"author":[{"embeddable":true,"href":"https:\/\/newspepper.mx\/index.php?rest_route=\/wp\/v2\/users\/3"}],"replies":[{"embeddable":true,"href":"https:\/\/newspepper.mx\/index.php?rest_route=%2Fwp%2Fv2%2Fcomments&post=7125"}],"version-history":[{"count":1,"href":"https:\/\/newspepper.mx\/index.php?rest_route=\/wp\/v2\/posts\/7125\/revisions"}],"predecessor-version":[{"id":7127,"href":"https:\/\/newspepper.mx\/index.php?rest_route=\/wp\/v2\/posts\/7125\/revisions\/7127"}],"wp:featuredmedia":[{"embeddable":true,"href":"https:\/\/newspepper.mx\/index.php?rest_route=\/wp\/v2\/media\/7126"}],"wp:attachment":[{"href":"https:\/\/newspepper.mx\/index.php?rest_route=%2Fwp%2Fv2%2Fmedia&parent=7125"}],"wp:term":[{"taxonomy":"category","embeddable":true,"href":"https:\/\/newspepper.mx\/index.php?rest_route=%2Fwp%2Fv2%2Fcategories&post=7125"},{"taxonomy":"post_tag","embeddable":true,"href":"https:\/\/newspepper.mx\/index.php?rest_route=%2Fwp%2Fv2%2Ftags&post=7125"}],"curies":[{"name":"wp","href":"https:\/\/api.w.org\/{rel}","templated":true}]}}