{"id":7119,"date":"2026-04-30T11:32:04","date_gmt":"2026-04-30T18:32:04","guid":{"rendered":"https:\/\/newspepper.mx\/?p=7119"},"modified":"2026-04-30T11:32:04","modified_gmt":"2026-04-30T18:32:04","slug":"ee-uu-acusa-a-ruben-rocha-moya-por-presuntos-vinculos-con-el-narcotrafico","status":"publish","type":"post","link":"https:\/\/newspepper.mx\/?p=7119","title":{"rendered":"EE.UU. acusa a Rub\u00e9n Rocha Moya por presuntos v\u00ednculos con el narcotr\u00e1fico"},"content":{"rendered":"\n<p>El gobernador de Sinaloa, Rub\u00e9n Rocha Moya, fue acusado por autoridades de Estados Unidos de presuntamente colaborar con el crimen organizado, en uno de los casos m\u00e1s delicados contra un funcionario mexicano en funciones.<\/p>\n\n\n\n<p>Las acusaciones fueron presentadas por el Departamento de Justicia estadounidense, que lo incluye en una investigaci\u00f3n junto a otros funcionarios por supuestos nexos con el C\u00e1rtel de Sinaloa.<\/p>\n\n\n\n<p><strong>Lo acusan de colaborar con el narco<\/strong><\/p>\n\n\n\n<p>De acuerdo con fiscales de Estados Unidos, Rocha Moya habr\u00eda participado en una conspiraci\u00f3n para facilitar el tr\u00e1fico de drogas como fentanilo, coca\u00edna y metanfetaminas hacia territorio estadounidense.<\/p>\n\n\n\n<p>Las autoridades se\u00f1alan que, presuntamente, funcionarios protegieron a miembros del c\u00e1rtel, recibieron sobornos millonarios y permitieron sus operaciones a cambio de apoyo pol\u00edtico.<\/p>\n\n\n\n<p>Tambi\u00e9n se menciona que su campa\u00f1a electoral habr\u00eda contado con respaldo de una facci\u00f3n del grupo criminal conocida como \u201cLos Chapitos\u201d.<\/p>\n\n\n\n<p><strong>Podr\u00eda enfrentar cadena perpetua<\/strong><\/p>\n\n\n\n<p>Los cargos incluyen conspiraci\u00f3n para tr\u00e1fico de drogas, uso de armas y colaboraci\u00f3n con organizaciones criminales, delitos que en Estados Unidos podr\u00edan derivar en cadena perpetua.<\/p>\n\n\n\n<p>Adem\u00e1s, se solicit\u00f3 su detenci\u00f3n con fines de extradici\u00f3n, aunque autoridades mexicanas se\u00f1alaron que no se han presentado pruebas suficientes hasta ahora.<\/p>\n\n\n\n<p><strong>Rocha Moya niega las acusaciones<\/strong><\/p>\n\n\n\n<p>El mandatario estatal rechaz\u00f3 los se\u00f1alamientos y asegur\u00f3 que \u201ccarecen de fundamento\u201d, calific\u00e1ndolos como un ataque pol\u00edtico.<\/p>\n\n\n\n<p>Desde el gobierno federal tambi\u00e9n se ha pedido que se presenten pruebas antes de tomar cualquier acci\u00f3n legal en M\u00e9xico.<\/p>\n\n\n\n<p><strong>Impacto pol\u00edtico y tensi\u00f3n internacional<\/strong><\/p>\n\n\n\n<p>El caso ha generado una fuerte reacci\u00f3n pol\u00edtica. Partidos de oposici\u00f3n han exigido investigaciones e incluso medidas extraordinarias en Sinaloa.<\/p>\n\n\n\n<p>Mientras tanto, el gobierno mexicano analiza la situaci\u00f3n, ya que el caso podr\u00eda afectar la relaci\u00f3n bilateral con Estados Unidos en temas de seguridad y justicia.<\/p>\n\n\n\n<p>Este proceso apenas inicia y podr\u00eda ampliarse conforme avancen las investigaciones en ambos pa\u00edses.<\/p>\n","protected":false},"excerpt":{"rendered":"<p>El gobernador de Sinaloa, Rub\u00e9n Rocha Moya, fue acusado por autoridades de Estados Unidos de presuntamente colaborar con el crimen organizado, en uno de los casos m\u00e1s delicados contra un&hellip;<\/p>\n","protected":false},"author":3,"featured_media":7120,"comment_status":"open","ping_status":"open","sticky":false,"template":"","format":"standard","meta":{"footnotes":""},"categories":[7],"tags":[819,324,5952,5951,2343,652,160],"class_list":["post-7119","post","type-post","status-publish","format-standard","has-post-thumbnail","hentry","category-politics","tag-eeuu","tag-mexico-2","tag-narcotrafico-2","tag-rubenrochamoya","tag-sinaloa","tag-trump","tag-usa"],"_links":{"self":[{"href":"https:\/\/newspepper.mx\/index.php?rest_route=\/wp\/v2\/posts\/7119","targetHints":{"allow":["GET"]}}],"collection":[{"href":"https:\/\/newspepper.mx\/index.php?rest_route=\/wp\/v2\/posts"}],"about":[{"href":"https:\/\/newspepper.mx\/index.php?rest_route=\/wp\/v2\/types\/post"}],"author":[{"embeddable":true,"href":"https:\/\/newspepper.mx\/index.php?rest_route=\/wp\/v2\/users\/3"}],"replies":[{"embeddable":true,"href":"https:\/\/newspepper.mx\/index.php?rest_route=%2Fwp%2Fv2%2Fcomments&post=7119"}],"version-history":[{"count":1,"href":"https:\/\/newspepper.mx\/index.php?rest_route=\/wp\/v2\/posts\/7119\/revisions"}],"predecessor-version":[{"id":7121,"href":"https:\/\/newspepper.mx\/index.php?rest_route=\/wp\/v2\/posts\/7119\/revisions\/7121"}],"wp:featuredmedia":[{"embeddable":true,"href":"https:\/\/newspepper.mx\/index.php?rest_route=\/wp\/v2\/media\/7120"}],"wp:attachment":[{"href":"https:\/\/newspepper.mx\/index.php?rest_route=%2Fwp%2Fv2%2Fmedia&parent=7119"}],"wp:term":[{"taxonomy":"category","embeddable":true,"href":"https:\/\/newspepper.mx\/index.php?rest_route=%2Fwp%2Fv2%2Fcategories&post=7119"},{"taxonomy":"post_tag","embeddable":true,"href":"https:\/\/newspepper.mx\/index.php?rest_route=%2Fwp%2Fv2%2Ftags&post=7119"}],"curies":[{"name":"wp","href":"https:\/\/api.w.org\/{rel}","templated":true}]}}