{"id":7115,"date":"2026-04-30T00:11:12","date_gmt":"2026-04-30T07:11:12","guid":{"rendered":"https:\/\/newspepper.mx\/?p=7115"},"modified":"2026-04-30T00:11:12","modified_gmt":"2026-04-30T07:11:12","slug":"mexico-alcanza-record-historico-de-empleo-formal","status":"publish","type":"post","link":"https:\/\/newspepper.mx\/?p=7115","title":{"rendered":"M\u00e9xico alcanza r\u00e9cord hist\u00f3rico de empleo formal"},"content":{"rendered":"\n<p>El IMSS reporta 22.7 millones de puestos mientras sube el salario y baja la desocupaci\u00f3n.<\/p>\n\n\n\n<p>empleo, IMSS, M\u00e9xico, salario m\u00ednimo, econom\u00eda, trabajo<\/p>\n\n\n\n<p>El Instituto Mexicano del Seguro Social report\u00f3 22.7 millones de empleos formales en marzo de 2026, la cifra m\u00e1s alta registrada en M\u00e9xico.<\/p>\n\n\n\n<p>En paralelo, el salario m\u00ednimo alcanz\u00f3 los 315 pesos diarios, reflejando una tendencia al alza en los ingresos laborales dentro del pa\u00eds.<\/p>\n\n\n\n<p>De acuerdo con la Encuesta Nacional de Ocupaci\u00f3n y Empleo, se generaron 422 mil empleos adicionales en el primer trimestre de 2026 en comparaci\u00f3n con el mismo periodo del a\u00f1o anterior.<\/p>\n\n\n\n<p>La tasa de desocupaci\u00f3n se ubic\u00f3 en 2.4%, seg\u00fan datos de la Secretar\u00eda del Trabajo y Previsi\u00f3n Social, lo que representa uno de los niveles m\u00e1s bajos en registros recientes.<\/p>\n\n\n\n<p>Adem\u00e1s, se report\u00f3 una disminuci\u00f3n en la pobreza laboral, alcanzando su punto m\u00e1s bajo desde que se tiene medici\u00f3n.<\/p>\n\n\n\n<p>Estos indicadores reflejan un momento positivo en el mercado laboral, aunque el reto se mantiene en la calidad del empleo y la sostenibilidad de este crecimiento en el tiempo.<\/p>\n","protected":false},"excerpt":{"rendered":"<p>El IMSS reporta 22.7 millones de puestos mientras sube el salario y baja la desocupaci\u00f3n. empleo, IMSS, M\u00e9xico, salario m\u00ednimo, econom\u00eda, trabajo El Instituto Mexicano del Seguro Social report\u00f3 22.7&hellip;<\/p>\n","protected":false},"author":4,"featured_media":7117,"comment_status":"open","ping_status":"open","sticky":false,"template":"","format":"standard","meta":{"footnotes":""},"categories":[4200],"tags":[3366,939,285,324,5950,5578,365],"class_list":["post-7115","post","type-post","status-publish","format-standard","has-post-thumbnail","hentry","category-salud","tag-economia-2","tag-empleo","tag-imss","tag-mexico-2","tag-salario-minimo","tag-trabajo","tag-ultimahora"],"_links":{"self":[{"href":"https:\/\/newspepper.mx\/index.php?rest_route=\/wp\/v2\/posts\/7115","targetHints":{"allow":["GET"]}}],"collection":[{"href":"https:\/\/newspepper.mx\/index.php?rest_route=\/wp\/v2\/posts"}],"about":[{"href":"https:\/\/newspepper.mx\/index.php?rest_route=\/wp\/v2\/types\/post"}],"author":[{"embeddable":true,"href":"https:\/\/newspepper.mx\/index.php?rest_route=\/wp\/v2\/users\/4"}],"replies":[{"embeddable":true,"href":"https:\/\/newspepper.mx\/index.php?rest_route=%2Fwp%2Fv2%2Fcomments&post=7115"}],"version-history":[{"count":1,"href":"https:\/\/newspepper.mx\/index.php?rest_route=\/wp\/v2\/posts\/7115\/revisions"}],"predecessor-version":[{"id":7118,"href":"https:\/\/newspepper.mx\/index.php?rest_route=\/wp\/v2\/posts\/7115\/revisions\/7118"}],"wp:featuredmedia":[{"embeddable":true,"href":"https:\/\/newspepper.mx\/index.php?rest_route=\/wp\/v2\/media\/7117"}],"wp:attachment":[{"href":"https:\/\/newspepper.mx\/index.php?rest_route=%2Fwp%2Fv2%2Fmedia&parent=7115"}],"wp:term":[{"taxonomy":"category","embeddable":true,"href":"https:\/\/newspepper.mx\/index.php?rest_route=%2Fwp%2Fv2%2Fcategories&post=7115"},{"taxonomy":"post_tag","embeddable":true,"href":"https:\/\/newspepper.mx\/index.php?rest_route=%2Fwp%2Fv2%2Ftags&post=7115"}],"curies":[{"name":"wp","href":"https:\/\/api.w.org\/{rel}","templated":true}]}}