{"id":7104,"date":"2026-04-29T17:10:23","date_gmt":"2026-04-30T00:10:23","guid":{"rendered":"https:\/\/newspepper.mx\/?p=7104"},"modified":"2026-04-29T17:10:23","modified_gmt":"2026-04-30T00:10:23","slug":"arranca-verano-seguro-en-mexicali-con-puntos-de-hidratacion-24-7","status":"publish","type":"post","link":"https:\/\/newspepper.mx\/?p=7104","title":{"rendered":"Arranca \u201cVerano Seguro\u201d en Mexicali con puntos de hidrataci\u00f3n 24\/7"},"content":{"rendered":"\n<p>El Gobierno de Baja California puso en marcha el operativo \u201cVerano Seguro\u201d en Mexicali, con el objetivo de proteger a la poblaci\u00f3n ante las altas temperaturas que se registran en la regi\u00f3n.<\/p>\n\n\n\n<p>La estrategia incluye puntos de hidrataci\u00f3n permanentes, casas comunitarias y recorridos m\u00f3viles para atender a personas afectadas por el calor extremo.<\/p>\n\n\n\n<p><strong>Instalan punto de hidrataci\u00f3n las 24 horas<\/strong><\/p>\n\n\n\n<p>La gobernadora Marina del Pilar Avila Olmeda inform\u00f3 que uno de los ejes principales del operativo es la instalaci\u00f3n de un punto de hidrataci\u00f3n masivo en la Plaza del Mariachi.<\/p>\n\n\n\n<p>Este espacio operar\u00e1 las 24 horas del d\u00eda, ofreciendo agua, suero, atenci\u00f3n m\u00e9dica e incluso apoyo para animales.<\/p>\n\n\n\n<p><strong>M\u00e1s de 350 casas de hidrataci\u00f3n<\/strong><\/p>\n\n\n\n<p>Como parte del programa, ya se cuenta con m\u00e1s de 350 casas de hidrataci\u00f3n distribuidas en la comunidad, donde ciudadanos voluntarios ofrecen agua y suero a quienes lo necesiten.<\/p>\n\n\n\n<p>Estas acciones buscan ampliar la cobertura y acercar el apoyo a distintas zonas de la ciudad.<\/p>\n\n\n\n<p><strong>Rutas m\u00f3viles recorrer\u00e1n la ciudad<\/strong><\/p>\n\n\n\n<p>Adem\u00e1s, se implementaron rutas de hidrataci\u00f3n que recorren Mexicali para detectar y atender a personas en riesgo por las altas temperaturas.<\/p>\n\n\n\n<p>Estas brigadas operan en coordinaci\u00f3n con la Secretar\u00eda de Salud y el Ayuntamiento.<\/p>\n\n\n\n<p><strong>Reducen muertes por calor<\/strong><\/p>\n\n\n\n<p>El secretario de Salud, Adri\u00e1n Medina Amarillas, destac\u00f3 que este tipo de estrategias ha permitido reducir de forma significativa las defunciones asociadas al calor en la entidad.<\/p>\n\n\n\n<p>Subray\u00f3 la importancia de mantener y reforzar estas acciones durante la temporada cr\u00edtica.<\/p>\n\n\n\n<p><strong>Recomendaciones ante el calor extremo<\/strong><\/p>\n\n\n\n<p>Autoridades hicieron un llamado a la poblaci\u00f3n a tomar medidas preventivas como evitar la exposici\u00f3n prolongada al sol, mantenerse hidratados, usar ropa ligera y protegerse con sombrero o gorra.<\/p>\n\n\n\n<p>Tambi\u00e9n recomendaron acudir al m\u00e9dico ante s\u00edntomas como agotamiento, deshidrataci\u00f3n o quemaduras solares.<\/p>\n","protected":false},"excerpt":{"rendered":"<p>El Gobierno de Baja California puso en marcha el operativo \u201cVerano Seguro\u201d en Mexicali, con el objetivo de proteger a la poblaci\u00f3n ante las altas temperaturas que se registran en&hellip;<\/p>\n","protected":false},"author":3,"featured_media":7105,"comment_status":"open","ping_status":"open","sticky":false,"template":"","format":"standard","meta":{"footnotes":""},"categories":[7],"tags":[203,2551,366,345,5946,5944,5945],"class_list":["post-7104","post","type-post","status-publish","format-standard","has-post-thumbnail","hentry","category-politics","tag-bajacalifornia","tag-calor","tag-clima-2","tag-mexicali","tag-plazadelmariachi","tag-veranoseguro","tag-veranosegurp"],"_links":{"self":[{"href":"https:\/\/newspepper.mx\/index.php?rest_route=\/wp\/v2\/posts\/7104","targetHints":{"allow":["GET"]}}],"collection":[{"href":"https:\/\/newspepper.mx\/index.php?rest_route=\/wp\/v2\/posts"}],"about":[{"href":"https:\/\/newspepper.mx\/index.php?rest_route=\/wp\/v2\/types\/post"}],"author":[{"embeddable":true,"href":"https:\/\/newspepper.mx\/index.php?rest_route=\/wp\/v2\/users\/3"}],"replies":[{"embeddable":true,"href":"https:\/\/newspepper.mx\/index.php?rest_route=%2Fwp%2Fv2%2Fcomments&post=7104"}],"version-history":[{"count":1,"href":"https:\/\/newspepper.mx\/index.php?rest_route=\/wp\/v2\/posts\/7104\/revisions"}],"predecessor-version":[{"id":7106,"href":"https:\/\/newspepper.mx\/index.php?rest_route=\/wp\/v2\/posts\/7104\/revisions\/7106"}],"wp:featuredmedia":[{"embeddable":true,"href":"https:\/\/newspepper.mx\/index.php?rest_route=\/wp\/v2\/media\/7105"}],"wp:attachment":[{"href":"https:\/\/newspepper.mx\/index.php?rest_route=%2Fwp%2Fv2%2Fmedia&parent=7104"}],"wp:term":[{"taxonomy":"category","embeddable":true,"href":"https:\/\/newspepper.mx\/index.php?rest_route=%2Fwp%2Fv2%2Fcategories&post=7104"},{"taxonomy":"post_tag","embeddable":true,"href":"https:\/\/newspepper.mx\/index.php?rest_route=%2Fwp%2Fv2%2Ftags&post=7104"}],"curies":[{"name":"wp","href":"https:\/\/api.w.org\/{rel}","templated":true}]}}