{"id":7088,"date":"2026-04-29T16:26:18","date_gmt":"2026-04-29T23:26:18","guid":{"rendered":"https:\/\/newspepper.mx\/?p=7088"},"modified":"2026-04-29T16:26:18","modified_gmt":"2026-04-29T23:26:18","slug":"fmf-revela-primeros-convocados-de-liga-mx-rumbo-al-mundial","status":"publish","type":"post","link":"https:\/\/newspepper.mx\/?p=7088","title":{"rendered":"FMF revela primeros convocados de Liga MX rumbo al Mundial"},"content":{"rendered":"\n<p>Chivas aporta la base y se define grupo inicial entre titulares y sparrings.<\/p>\n\n\n\n<p>Selecci\u00f3n Mexicana, Liga MX, Mundial, convocados, Javier Aguirre, FMF<\/p>\n\n\n\n<p>La Federaci\u00f3n Mexicana de F\u00fatbol dio a conocer una primera lista de 12 jugadores provenientes de la Liga MX que formar\u00e1n parte del proceso rumbo al Mundial, bajo la direcci\u00f3n de Javier Aguirre.<\/p>\n\n\n\n<p>Dentro de esta convocatoria, el Club Deportivo Guadalajara destaca como la base del grupo con cinco futbolistas: Tala Rangel, Luis Romo, Roberto Alvarado, Erick Guti\u00e9rrez y \u201cHormiga\u201d.<\/p>\n\n\n\n<p>Entre los movimientos m\u00e1s relevantes, se confirm\u00f3 que \u201cMemote\u201d Mart\u00ednez y Luis Romo se integran como parte del grupo principal que viajar\u00eda a la Copa del Mundo.<\/p>\n\n\n\n<p>En contraste, nombres como Charly Rodr\u00edguez, Everardo L\u00f3pez, Marcel Ruiz y Richard Ledezma no fueron considerados en esta primera lista.<\/p>\n\n\n\n<p>Adem\u00e1s, se definieron ocho jugadores que acudir\u00e1n como sparrings: Luis Rey, \u00d3scar Garc\u00eda, Eduardo \u00c1guila, Iker Fimbres, Kevin Casta\u00f1eda, Jes\u00fas G\u00f3mez, Denzell Garc\u00eda y Jairo Torres.<\/p>\n\n\n\n<p>La lista final se dar\u00e1 a conocer el pr\u00f3ximo 1 de junio, en un proceso donde el cuerpo t\u00e9cnico terminar\u00e1 de definir a los jugadores que representar\u00e1n a la Selecci\u00f3n Mexicana en el Mundial.<\/p>\n","protected":false},"excerpt":{"rendered":"<p>Chivas aporta la base y se define grupo inicial entre titulares y sparrings. Selecci\u00f3n Mexicana, Liga MX, Mundial, convocados, Javier Aguirre, FMF La Federaci\u00f3n Mexicana de F\u00fatbol dio a conocer&hellip;<\/p>\n","protected":false},"author":4,"featured_media":7080,"comment_status":"open","ping_status":"open","sticky":false,"template":"","format":"standard","meta":{"footnotes":""},"categories":[8],"tags":[5933,2536,5574,3051,1301,5205],"class_list":["post-7088","post","type-post","status-publish","format-standard","has-post-thumbnail","hentry","category-deportes","tag-convocados","tag-fmf","tag-javier-aguirre","tag-liga-mx","tag-mundial","tag-seleccion-mexicana"],"_links":{"self":[{"href":"https:\/\/newspepper.mx\/index.php?rest_route=\/wp\/v2\/posts\/7088","targetHints":{"allow":["GET"]}}],"collection":[{"href":"https:\/\/newspepper.mx\/index.php?rest_route=\/wp\/v2\/posts"}],"about":[{"href":"https:\/\/newspepper.mx\/index.php?rest_route=\/wp\/v2\/types\/post"}],"author":[{"embeddable":true,"href":"https:\/\/newspepper.mx\/index.php?rest_route=\/wp\/v2\/users\/4"}],"replies":[{"embeddable":true,"href":"https:\/\/newspepper.mx\/index.php?rest_route=%2Fwp%2Fv2%2Fcomments&post=7088"}],"version-history":[{"count":1,"href":"https:\/\/newspepper.mx\/index.php?rest_route=\/wp\/v2\/posts\/7088\/revisions"}],"predecessor-version":[{"id":7089,"href":"https:\/\/newspepper.mx\/index.php?rest_route=\/wp\/v2\/posts\/7088\/revisions\/7089"}],"wp:featuredmedia":[{"embeddable":true,"href":"https:\/\/newspepper.mx\/index.php?rest_route=\/wp\/v2\/media\/7080"}],"wp:attachment":[{"href":"https:\/\/newspepper.mx\/index.php?rest_route=%2Fwp%2Fv2%2Fmedia&parent=7088"}],"wp:term":[{"taxonomy":"category","embeddable":true,"href":"https:\/\/newspepper.mx\/index.php?rest_route=%2Fwp%2Fv2%2Fcategories&post=7088"},{"taxonomy":"post_tag","embeddable":true,"href":"https:\/\/newspepper.mx\/index.php?rest_route=%2Fwp%2Fv2%2Ftags&post=7088"}],"curies":[{"name":"wp","href":"https:\/\/api.w.org\/{rel}","templated":true}]}}