{"id":7064,"date":"2026-04-27T02:15:14","date_gmt":"2026-04-27T09:15:14","guid":{"rendered":"https:\/\/newspepper.mx\/?p=7064"},"modified":"2026-04-27T02:15:14","modified_gmt":"2026-04-27T09:15:14","slug":"gobierno-de-bcs-revisara-proyecto-de-puerto-en-loreto","status":"publish","type":"post","link":"https:\/\/newspepper.mx\/?p=7064","title":{"rendered":"Gobierno de BCS revisar\u00e1 proyecto de puerto en Loreto"},"content":{"rendered":"\n<p>El gobernador asegura que no se permitir\u00e1 afectar el perfil tur\u00edstico ni las \u00e1reas protegidas.<\/p>\n\n\n\n<p>Loreto, turismo, puerto, V\u00edctor Castro, Baja California Sur, medio ambiente<\/p>\n\n\n\n<p>El gobernador de Baja California Sur, V\u00edctor Manuel Castro Cos\u00edo, afirm\u00f3 que cualquier decisi\u00f3n sobre el desarrollo mar\u00edtimo en Loreto priorizar\u00e1 el bienestar de la comunidad, su vocaci\u00f3n tur\u00edstica y la protecci\u00f3n de \u00c1reas Naturales Protegidas.<\/p>\n\n\n\n<p>El mandatario se\u00f1al\u00f3 que, si es necesario, se revisar\u00e1 el decreto que plantea convertir a Loreto en puerto de altura y cabotaje, con un an\u00e1lisis que contemple a todos los sectores involucrados.<\/p>\n\n\n\n<p>\u201cSi esto genera problemas, la decisi\u00f3n de la sociedad est\u00e1 por encima de todo; no se permitir\u00e1 ninguna acci\u00f3n que afecte el destino tur\u00edstico\u201d, expres\u00f3.<\/p>\n\n\n\n<p>En este contexto, se prev\u00e9n reuniones con la Comisi\u00f3n Nacional de \u00c1reas Naturales Protegidas y la visita de la directora general de puertos para dialogar sobre el tema y considerar la postura de la poblaci\u00f3n.<\/p>\n\n\n\n<p>El gobernador reiter\u00f3 que su administraci\u00f3n no impulsa el decreto como tal, sino que se trataba de una organizaci\u00f3n administrativa del puerto, pero subray\u00f3 que cualquier medida deber\u00e1 contar con respaldo social.<\/p>\n\n\n\n<p>El anuncio se dio durante el arranque del torneo Classic Yellowtail Tournament, donde tambi\u00e9n se destac\u00f3 la relevancia del turismo deportivo en la regi\u00f3n como parte de su desarrollo econ\u00f3mico.<\/p>\n","protected":false},"excerpt":{"rendered":"<p>El gobernador asegura que no se permitir\u00e1 afectar el perfil tur\u00edstico ni las \u00e1reas protegidas. Loreto, turismo, puerto, V\u00edctor Castro, Baja California Sur, medio ambiente El gobernador de Baja California&hellip;<\/p>\n","protected":false},"author":4,"featured_media":7065,"comment_status":"open","ping_status":"open","sticky":false,"template":"","format":"standard","meta":{"footnotes":""},"categories":[7],"tags":[5180,5917,5177,5918,4620,5919],"class_list":["post-7064","post","type-post","status-publish","format-standard","has-post-thumbnail","hentry","category-politics","tag-baja-california-sur","tag-loreto","tag-medio-ambiente","tag-puerto","tag-turismo","tag-victor-castro"],"_links":{"self":[{"href":"https:\/\/newspepper.mx\/index.php?rest_route=\/wp\/v2\/posts\/7064","targetHints":{"allow":["GET"]}}],"collection":[{"href":"https:\/\/newspepper.mx\/index.php?rest_route=\/wp\/v2\/posts"}],"about":[{"href":"https:\/\/newspepper.mx\/index.php?rest_route=\/wp\/v2\/types\/post"}],"author":[{"embeddable":true,"href":"https:\/\/newspepper.mx\/index.php?rest_route=\/wp\/v2\/users\/4"}],"replies":[{"embeddable":true,"href":"https:\/\/newspepper.mx\/index.php?rest_route=%2Fwp%2Fv2%2Fcomments&post=7064"}],"version-history":[{"count":1,"href":"https:\/\/newspepper.mx\/index.php?rest_route=\/wp\/v2\/posts\/7064\/revisions"}],"predecessor-version":[{"id":7066,"href":"https:\/\/newspepper.mx\/index.php?rest_route=\/wp\/v2\/posts\/7064\/revisions\/7066"}],"wp:featuredmedia":[{"embeddable":true,"href":"https:\/\/newspepper.mx\/index.php?rest_route=\/wp\/v2\/media\/7065"}],"wp:attachment":[{"href":"https:\/\/newspepper.mx\/index.php?rest_route=%2Fwp%2Fv2%2Fmedia&parent=7064"}],"wp:term":[{"taxonomy":"category","embeddable":true,"href":"https:\/\/newspepper.mx\/index.php?rest_route=%2Fwp%2Fv2%2Fcategories&post=7064"},{"taxonomy":"post_tag","embeddable":true,"href":"https:\/\/newspepper.mx\/index.php?rest_route=%2Fwp%2Fv2%2Ftags&post=7064"}],"curies":[{"name":"wp","href":"https:\/\/api.w.org\/{rel}","templated":true}]}}