{"id":7053,"date":"2026-04-25T13:00:00","date_gmt":"2026-04-25T20:00:00","guid":{"rendered":"https:\/\/newspepper.mx\/?p=7053"},"modified":"2026-04-25T10:57:48","modified_gmt":"2026-04-25T17:57:48","slug":"atlas-cambia-de-duenos-grupo-prodi-comprara-al-club-y-seguira-en-guadalajara","status":"publish","type":"post","link":"https:\/\/newspepper.mx\/?p=7053","title":{"rendered":"Atlas cambia de due\u00f1os: Grupo PRODI comprar\u00e1 al club y seguir\u00e1 en Guadalajara"},"content":{"rendered":"\n<p>El Atlas FC iniciar\u00e1 una nueva etapa luego de que se confirmara que Grupo PRODI lleg\u00f3 a un acuerdo para adquirir al hist\u00f3rico club rojinegro, manteniendo su permanencia en Guadalajara y prometiendo respetar su identidad.<\/p>\n\n\n\n<p>La operaci\u00f3n representa el cierre de una etapa bajo Grupo Orlegi y el arranque de un nuevo proyecto que busca devolver protagonismo deportivo a los Zorros.<\/p>\n\n\n\n<p><strong>Atlas no saldr\u00e1 de Guadalajara<\/strong><\/p>\n\n\n\n<p>Uno de los principales mensajes para la afici\u00f3n fue que el equipo no cambiar\u00e1 de ciudad y continuar\u00e1 en Guadalajara, manteniendo su historia, tradici\u00f3n y v\u00ednculo con la llamada \u201cFiel\u201d.<\/p>\n\n\n\n<p>Bajo el lema \u201cpara la Fiel, por la Fiel y con la Fiel\u201d, los nuevos due\u00f1os aseguraron que su prioridad ser\u00e1 fortalecer la identidad del club y trabajar de la mano con la comunidad y el estado de Jalisco.<\/p>\n\n\n\n<p>El objetivo es que la afici\u00f3n se sienta m\u00e1s representada y orgullosa del equipo.<\/p>\n\n\n\n<p><strong>Habr\u00e1 transici\u00f3n hasta julio<\/strong><\/p>\n\n\n\n<p>Grupo Orlegi, encabezado por Alejandro Irarragorri, continuar\u00e1 al frente del Atlas hasta el 30 de junio de 2026.<\/p>\n\n\n\n<p>Ser\u00e1 a partir del 1 de julio cuando Grupo PRODI tome oficialmente el control total del club y comience esta nueva administraci\u00f3n.<\/p>\n\n\n\n<p>Ambas partes se\u00f1alaron que la transici\u00f3n ser\u00e1 ordenada para evitar afectaciones deportivas y garantizar continuidad en el proyecto institucional.<\/p>\n\n\n\n<p><strong>Buscan modernizar al club<\/strong><\/p>\n\n\n\n<p>El nuevo grupo propietario adelant\u00f3 que su plan incluye una transformaci\u00f3n importante en distintas \u00e1reas del Atlas.<\/p>\n\n\n\n<p>Entre los principales objetivos est\u00e1n mejorar instalaciones, incorporar nueva tecnolog\u00eda, reforzar la formaci\u00f3n de talento joven y construir un proyecto deportivo m\u00e1s competitivo a largo plazo.<\/p>\n\n\n\n<p>La intenci\u00f3n no solo es mejorar resultados en la cancha, sino fortalecer toda la estructura del club.<\/p>\n\n\n\n<p><strong>Esperan aprobaci\u00f3n oficial<\/strong><\/p>\n\n\n\n<p>Aunque el acuerdo ya fue anunciado, todav\u00eda falta la aprobaci\u00f3n final por parte de la Federaci\u00f3n Mexicana de Futbol y la Comisi\u00f3n Nacional Antimonopolio para que la operaci\u00f3n quede oficialmente cerrada.<\/p>\n\n\n\n<p>Grupo PRODI cuenta con m\u00e1s de 70 a\u00f1os de experiencia empresarial y antecedentes en el deporte profesional, como su participaci\u00f3n con los Pericos de Puebla en el b\u00e9isbol.<\/p>\n\n\n\n<p>Con la cercan\u00eda del Mundial 2026, la nueva directiva considera que este es el momento ideal para impulsar una nueva era para Atlas.<\/p>\n","protected":false},"excerpt":{"rendered":"<p>El Atlas FC iniciar\u00e1 una nueva etapa luego de que se confirmara que Grupo PRODI lleg\u00f3 a un acuerdo para adquirir al hist\u00f3rico club rojinegro, manteniendo su permanencia en Guadalajara&hellip;<\/p>\n","protected":false},"author":3,"featured_media":7054,"comment_status":"open","ping_status":"open","sticky":false,"template":"","format":"standard","meta":{"footnotes":""},"categories":[8],"tags":[1208,2536,2014,5912,5911],"class_list":["post-7053","post","type-post","status-publish","format-standard","has-post-thumbnail","hentry","category-deportes","tag-atlas","tag-fmf","tag-gdl","tag-grupoorlegi","tag-grupoprodi"],"_links":{"self":[{"href":"https:\/\/newspepper.mx\/index.php?rest_route=\/wp\/v2\/posts\/7053","targetHints":{"allow":["GET"]}}],"collection":[{"href":"https:\/\/newspepper.mx\/index.php?rest_route=\/wp\/v2\/posts"}],"about":[{"href":"https:\/\/newspepper.mx\/index.php?rest_route=\/wp\/v2\/types\/post"}],"author":[{"embeddable":true,"href":"https:\/\/newspepper.mx\/index.php?rest_route=\/wp\/v2\/users\/3"}],"replies":[{"embeddable":true,"href":"https:\/\/newspepper.mx\/index.php?rest_route=%2Fwp%2Fv2%2Fcomments&post=7053"}],"version-history":[{"count":1,"href":"https:\/\/newspepper.mx\/index.php?rest_route=\/wp\/v2\/posts\/7053\/revisions"}],"predecessor-version":[{"id":7055,"href":"https:\/\/newspepper.mx\/index.php?rest_route=\/wp\/v2\/posts\/7053\/revisions\/7055"}],"wp:featuredmedia":[{"embeddable":true,"href":"https:\/\/newspepper.mx\/index.php?rest_route=\/wp\/v2\/media\/7054"}],"wp:attachment":[{"href":"https:\/\/newspepper.mx\/index.php?rest_route=%2Fwp%2Fv2%2Fmedia&parent=7053"}],"wp:term":[{"taxonomy":"category","embeddable":true,"href":"https:\/\/newspepper.mx\/index.php?rest_route=%2Fwp%2Fv2%2Fcategories&post=7053"},{"taxonomy":"post_tag","embeddable":true,"href":"https:\/\/newspepper.mx\/index.php?rest_route=%2Fwp%2Fv2%2Ftags&post=7053"}],"curies":[{"name":"wp","href":"https:\/\/api.w.org\/{rel}","templated":true}]}}