{"id":7050,"date":"2026-04-25T12:00:00","date_gmt":"2026-04-25T19:00:00","guid":{"rendered":"https:\/\/newspepper.mx\/?p=7050"},"modified":"2026-04-25T10:53:38","modified_gmt":"2026-04-25T17:53:38","slug":"cancelan-gen-v-y-anuncian-nuevo-spin-off-de-the-boys-para-2027","status":"publish","type":"post","link":"https:\/\/newspepper.mx\/?p=7050","title":{"rendered":"Cancelan Gen V y anuncian nuevo spin-off de The Boys para 2027"},"content":{"rendered":"\n<p>El universo de <em>The Boys<\/em> tendr\u00e1 cambios importantes luego de que Prime Video confirmara la cancelaci\u00f3n de <em>Gen V<\/em> despu\u00e9s de dos temporadas, mientras que ya prepara el estreno de un nuevo spin-off titulado <em>Vought Rising<\/em>, programado para 2027.<\/p>\n\n\n\n<p>La serie juvenil ambientada en la Universidad de Godolkin no tendr\u00e1 una tercera entrega, aunque algunos de sus personajes seguir\u00e1n formando parte de la franquicia principal.<\/p>\n\n\n\n<p><strong>Gen V termina tras dos temporadas<\/strong><\/p>\n\n\n\n<p>La cancelaci\u00f3n de <em>Gen V<\/em> ya se anticipaba debido a cambios en producci\u00f3n y en el elenco, adem\u00e1s de las complicaciones que surgieron tras la muerte del actor Chance Perdomo en 2024.<\/p>\n\n\n\n<p>La serie hab\u00eda logrado conectar con los fans al mostrar una nueva generaci\u00f3n de superh\u00e9roes dentro del universo de Vought, pero finalmente su historia no continuar\u00e1 como producci\u00f3n independiente.<\/p>\n\n\n\n<p>Sin embargo, los productores confirmaron que el cierre no significa el final para varios de sus personajes.<\/p>\n\n\n\n<p><strong>Personajes seguir\u00e1n en The Boys<\/strong><\/p>\n\n\n\n<p>Eric Kripke y Evan Goldberg, productores de la franquicia, aseguraron que las historias de <em>Gen V<\/em> seguir\u00e1n dentro del llamado Universo Cinematogr\u00e1fico de Vought.<\/p>\n\n\n\n<p>Parte de esa continuidad se ver\u00e1 reflejada en la quinta y \u00faltima temporada de <em>The Boys<\/em>, que llegar\u00e1 el pr\u00f3ximo 20 de mayo y marcar\u00e1 el cierre definitivo de la serie principal.<\/p>\n\n\n\n<p>Los fans esperan que varios personajes tengan participaci\u00f3n directa en ese desenlace.<\/p>\n\n\n\n<p><strong>Llega Vought Rising en 2027<\/strong><\/p>\n\n\n\n<p>Como parte de la expansi\u00f3n del universo, Prime Video confirm\u00f3 el desarrollo de <em>Vought Rising<\/em>, un nuevo spin-off que se estrenar\u00e1 en 2027.<\/p>\n\n\n\n<p>La nueva serie estar\u00e1 protagonizada por Aya Cash y Jensen Ackles, quienes regresar\u00e1n con personajes clave dentro de la historia.<\/p>\n\n\n\n<p>Este proyecto buscar\u00e1 ampliar la narrativa de la saga y mantener viva la franquicia tras el final de <em>The Boys<\/em>.<\/p>\n\n\n\n<p><strong>El universo de The Boys sigue creciendo<\/strong><\/p>\n\n\n\n<p>Adem\u00e1s de <em>Vought Rising<\/em>, tambi\u00e9n se sabe que existen otros proyectos en desarrollo, incluyendo una versi\u00f3n ubicada en M\u00e9xico.<\/p>\n\n\n\n<p>Aunque <em>Gen V<\/em> llega a su final, Prime Video apuesta por seguir expandiendo una de sus franquicias m\u00e1s exitosas, manteniendo vivo el universo de superh\u00e9roes m\u00e1s pol\u00e9mico de la televisi\u00f3n.<\/p>\n","protected":false},"excerpt":{"rendered":"<p>El universo de The Boys tendr\u00e1 cambios importantes luego de que Prime Video confirmara la cancelaci\u00f3n de Gen V despu\u00e9s de dos temporadas, mientras que ya prepara el estreno de&hellip;<\/p>\n","protected":false},"author":3,"featured_media":7051,"comment_status":"open","ping_status":"open","sticky":false,"template":"","format":"standard","meta":{"footnotes":""},"categories":[5],"tags":[3363,1904,5908,5910,5620,3660,3079,5619,5909],"class_list":["post-7050","post","type-post","status-publish","format-standard","has-post-thumbnail","hentry","category-entertainment","tag-3363","tag-amazonprime","tag-genv","tag-godolkin","tag-homelander","tag-primevideo","tag-spin-off","tag-theboys","tag-voughtrising"],"_links":{"self":[{"href":"https:\/\/newspepper.mx\/index.php?rest_route=\/wp\/v2\/posts\/7050","targetHints":{"allow":["GET"]}}],"collection":[{"href":"https:\/\/newspepper.mx\/index.php?rest_route=\/wp\/v2\/posts"}],"about":[{"href":"https:\/\/newspepper.mx\/index.php?rest_route=\/wp\/v2\/types\/post"}],"author":[{"embeddable":true,"href":"https:\/\/newspepper.mx\/index.php?rest_route=\/wp\/v2\/users\/3"}],"replies":[{"embeddable":true,"href":"https:\/\/newspepper.mx\/index.php?rest_route=%2Fwp%2Fv2%2Fcomments&post=7050"}],"version-history":[{"count":1,"href":"https:\/\/newspepper.mx\/index.php?rest_route=\/wp\/v2\/posts\/7050\/revisions"}],"predecessor-version":[{"id":7052,"href":"https:\/\/newspepper.mx\/index.php?rest_route=\/wp\/v2\/posts\/7050\/revisions\/7052"}],"wp:featuredmedia":[{"embeddable":true,"href":"https:\/\/newspepper.mx\/index.php?rest_route=\/wp\/v2\/media\/7051"}],"wp:attachment":[{"href":"https:\/\/newspepper.mx\/index.php?rest_route=%2Fwp%2Fv2%2Fmedia&parent=7050"}],"wp:term":[{"taxonomy":"category","embeddable":true,"href":"https:\/\/newspepper.mx\/index.php?rest_route=%2Fwp%2Fv2%2Fcategories&post=7050"},{"taxonomy":"post_tag","embeddable":true,"href":"https:\/\/newspepper.mx\/index.php?rest_route=%2Fwp%2Fv2%2Ftags&post=7050"}],"curies":[{"name":"wp","href":"https:\/\/api.w.org\/{rel}","templated":true}]}}