{"id":7047,"date":"2026-04-25T10:49:29","date_gmt":"2026-04-25T17:49:29","guid":{"rendered":"https:\/\/newspepper.mx\/?p=7047"},"modified":"2026-04-25T10:49:29","modified_gmt":"2026-04-25T17:49:29","slug":"tijuana-sera-sede-de-la-feria-mundial-canina-acw-por-primera-vez-en-mexico","status":"publish","type":"post","link":"https:\/\/newspepper.mx\/?p=7047","title":{"rendered":"Tijuana ser\u00e1 sede de la Feria Mundial Canina ACW por primera vez en M\u00e9xico"},"content":{"rendered":"\n<p>Tijuana fue confirmada como sede de la Feria Mundial Canina de la Alianz Canine Worldwide (ACW), evento que llegar\u00e1 por primera vez a M\u00e9xico y se realizar\u00e1 en julio de 2027 en el Parque Can\u00f3dromo de CMI, dentro del Hip\u00f3dromo de Agua Caliente.<\/p>\n\n\n\n<p>El encuentro reunir\u00e1 a especialistas, entrenadores, rescatistas y organizaciones de m\u00e1s de 55 pa\u00edses, consolidando a la ciudad como un referente internacional en el cuidado y capacitaci\u00f3n canina.<\/p>\n\n\n\n<p><strong>Evento reunir\u00e1 ciencia, deporte y certificaci\u00f3n canina<\/strong><\/p>\n\n\n\n<p>Ricardo Forastieri, coordinador general de Cinolog\u00eda M\u00e9xico Internacional, inform\u00f3 que la feria contar\u00e1 con actividades enfocadas en formaci\u00f3n, exhibici\u00f3n y certificaci\u00f3n canina.<\/p>\n\n\n\n<p>Destac\u00f3 que se trata de una de las plataformas m\u00e1s importantes a nivel mundial en temas de cinolog\u00eda.<\/p>\n\n\n\n<p>\u201cEs la m\u00e1xima plataforma en la que convergen la ciencia, la diplomacia cinol\u00f3gica, el deporte de \u00e9lite y el compromiso social\u201d, se\u00f1al\u00f3.<\/p>\n\n\n\n<p><strong>Certificar\u00e1n perros de rescate<\/strong><\/p>\n\n\n\n<p>Una de las principales actividades ser\u00e1 la certificaci\u00f3n de al menos 23 perros de rescate entrenados por personal especializado, fortaleciendo las capacidades de b\u00fasqueda y respuesta ante emergencias.<\/p>\n\n\n\n<p>Adem\u00e1s, se trabajar\u00e1 en coordinaci\u00f3n con la Cruz Roja Mexicana para la profesionalizaci\u00f3n de perros de rescate bajo est\u00e1ndares internacionales de la ACW.<\/p>\n\n\n\n<p>Tambi\u00e9n se contempla la certificaci\u00f3n en terapia asistida hospitalaria, enfocada en apoyo emocional y atenci\u00f3n en temas de salud.<\/p>\n\n\n\n<p><strong>Participar\u00e1n pa\u00edses de todo el mundo<\/strong><\/p>\n\n\n\n<p>La Feria Mundial Canina ACW contar\u00e1 con presencia internacional de pa\u00edses como China, Egipto, Turqu\u00eda, Corea del Sur, Espa\u00f1a, Francia, Colombia, Ecuador, Brasil y Argentina, entre otros.<\/p>\n\n\n\n<p>El objetivo es posicionar a Tijuana como una ciudad clave en el desarrollo de programas especializados para el bienestar animal.<\/p>\n\n\n\n<p><strong>Capacitaci\u00f3n, adopci\u00f3n y apoyo a emprendedores<\/strong><\/p>\n\n\n\n<p>Durante la feria tambi\u00e9n habr\u00e1 pl\u00e1ticas de etolog\u00eda cl\u00ednica, jornadas especiales de vacunaci\u00f3n y el programa de adopci\u00f3n responsable m\u00e1s grande de la regi\u00f3n.<\/p>\n\n\n\n<p>Adem\u00e1s, participar\u00e1n m\u00e1s de 200 peque\u00f1as empresas, as\u00ed como emprendedores locales y nacionales relacionados con el sector veterinario y canino.<\/p>\n\n\n\n<p>Forastieri agreg\u00f3 que Cinolog\u00eda M\u00e9xico mantiene di\u00e1logo con la Secretar\u00eda de Educaci\u00f3n para consolidar el espacio como centro certificado CONOCER, adem\u00e1s de fortalecer carreras como adiestrador canino profesional, estilista canino profesional y auxiliar de m\u00e9dico veterinario.<\/p>\n","protected":false},"excerpt":{"rendered":"<p>Tijuana fue confirmada como sede de la Feria Mundial Canina de la Alianz Canine Worldwide (ACW), evento que llegar\u00e1 por primera vez a M\u00e9xico y se realizar\u00e1 en julio de&hellip;<\/p>\n","protected":false},"author":3,"featured_media":7048,"comment_status":"open","ping_status":"open","sticky":false,"template":"","format":"standard","meta":{"footnotes":""},"categories":[1],"tags":[5905,1217,5907,5906,4066,202],"class_list":["post-7047","post","type-post","status-publish","format-standard","has-post-thumbnail","hentry","category-uncategorized","tag-acw","tag-conocer","tag-feriamundialcanina","tag-hipodromo","tag-julio2027","tag-tijuana"],"_links":{"self":[{"href":"https:\/\/newspepper.mx\/index.php?rest_route=\/wp\/v2\/posts\/7047","targetHints":{"allow":["GET"]}}],"collection":[{"href":"https:\/\/newspepper.mx\/index.php?rest_route=\/wp\/v2\/posts"}],"about":[{"href":"https:\/\/newspepper.mx\/index.php?rest_route=\/wp\/v2\/types\/post"}],"author":[{"embeddable":true,"href":"https:\/\/newspepper.mx\/index.php?rest_route=\/wp\/v2\/users\/3"}],"replies":[{"embeddable":true,"href":"https:\/\/newspepper.mx\/index.php?rest_route=%2Fwp%2Fv2%2Fcomments&post=7047"}],"version-history":[{"count":1,"href":"https:\/\/newspepper.mx\/index.php?rest_route=\/wp\/v2\/posts\/7047\/revisions"}],"predecessor-version":[{"id":7049,"href":"https:\/\/newspepper.mx\/index.php?rest_route=\/wp\/v2\/posts\/7047\/revisions\/7049"}],"wp:featuredmedia":[{"embeddable":true,"href":"https:\/\/newspepper.mx\/index.php?rest_route=\/wp\/v2\/media\/7048"}],"wp:attachment":[{"href":"https:\/\/newspepper.mx\/index.php?rest_route=%2Fwp%2Fv2%2Fmedia&parent=7047"}],"wp:term":[{"taxonomy":"category","embeddable":true,"href":"https:\/\/newspepper.mx\/index.php?rest_route=%2Fwp%2Fv2%2Fcategories&post=7047"},{"taxonomy":"post_tag","embeddable":true,"href":"https:\/\/newspepper.mx\/index.php?rest_route=%2Fwp%2Fv2%2Ftags&post=7047"}],"curies":[{"name":"wp","href":"https:\/\/api.w.org\/{rel}","templated":true}]}}