{"id":7039,"date":"2026-04-24T17:16:21","date_gmt":"2026-04-25T00:16:21","guid":{"rendered":"https:\/\/newspepper.mx\/?p=7039"},"modified":"2026-04-24T17:16:21","modified_gmt":"2026-04-25T00:16:21","slug":"fil-uabc-llega-a-tijuana-y-ensenada-con-entrada-gratuita-y-mas-de-200-mil-asistentes-esperados","status":"publish","type":"post","link":"https:\/\/newspepper.mx\/?p=7039","title":{"rendered":"FIL UABC llega a Tijuana y Ensenada con entrada gratuita y m\u00e1s de 200 mil asistentes esperados"},"content":{"rendered":"\n<p>La Feria Internacional del Libro de la Universidad Aut\u00f3noma de Baja California (FIL UABC) arranc\u00f3 en los campus de Tijuana y Ensenada, donde se llevar\u00e1 a cabo del jueves 23 al domingo 26 de abril con entrada totalmente gratuita.<\/p>\n\n\n\n<p>Por tercer a\u00f1o consecutivo, la m\u00e1xima casa de estudios extiende este evento editorial a ambas ciudades, adem\u00e1s de sus sedes tradicionales en Mexicali y Tecate.<\/p>\n\n\n\n<p><strong>Buscan superar r\u00e9cord de asistencia<\/strong><\/p>\n\n\n\n<p>El rector de la UABC, Luis Enrique Palafox Maestre, inform\u00f3 que la meta para esta edici\u00f3n es superar los 200 mil asistentes entre las cuatro sedes.<\/p>\n\n\n\n<p>Explic\u00f3 que hace tres a\u00f1os se tom\u00f3 la decisi\u00f3n de ampliar la FIL hacia otros municipios para acercar la cultura y la lectura a m\u00e1s personas en Baja California.<\/p>\n\n\n\n<p>\u201cTenemos una expectativa de superar el r\u00e9cord de asistencia, como lo hemos venido haciendo a\u00f1o con a\u00f1o; actualmente el r\u00e9cord est\u00e1 en 200 mil asistentes, y esa es nuestra meta\u201d, se\u00f1al\u00f3.<\/p>\n\n\n\n<p>Destac\u00f3 que el objetivo principal es que m\u00e1s personas puedan disfrutar gratuitamente de actividades literarias, presentaciones de libros y encuentros con autores.<\/p>\n\n\n\n<p><strong>Autores destacados en Tijuana<\/strong><\/p>\n\n\n\n<p>En la sede de Tijuana participan escritoras y escritores como Sof\u00eda Segovia, Andrea Chapela, No\u00e9 L\u00f3pez Z\u00fa\u00f1iga, Isaac de Paz Gonz\u00e1lez, Gloria Puente Ochoa, Dara Cabushtak, Pilar Adriana Rey Hern\u00e1ndez, Luis Carlos L\u00f3pez Ulloa, Valentina Luj\u00e1n y Xavier M. Sotelo, entre otros.<\/p>\n\n\n\n<p>Las presentaciones se desarrollan dentro del campus universitario y forman parte de una agenda cultural abierta para estudiantes y p\u00fablico en general.<\/p>\n\n\n\n<p><strong>Ensenada tambi\u00e9n recibe a escritores nacionales<\/strong><\/p>\n\n\n\n<p>Mientras tanto, en Ensenada se presentan autores como M\u00f3nica Lav\u00edn, Andrea Chapela, Antonio Le\u00f3n, Gina Garc\u00eda Walther, Alheli Luc\u00eda Bremer, Lilia Lorena V\u00e1zquez, Pedro Iv\u00e1n P\u00e9rez M\u00e9ndez, Jazz \u00c1ngel y H\u00e9ctor S\u00e1nchez, entre otros.<\/p>\n\n\n\n<p>La sede busca consolidarse como uno de los espacios culturales m\u00e1s importantes de la regi\u00f3n durante estos d\u00edas.<\/p>\n\n\n\n<p><strong>Evento gratuito y abierto al p\u00fablico<\/strong><\/p>\n\n\n\n<p>La FIL UABC se mantiene como uno de los encuentros literarios m\u00e1s importantes de Baja California, reuniendo a autores, editoriales, estudiantes y familias en un espacio de promoci\u00f3n cultural.<\/p>\n\n\n\n<p>Las actividades continuar\u00e1n hasta el domingo 26 de abril con acceso libre para toda la comunidad.<\/p>\n","protected":false},"excerpt":{"rendered":"<p>La Feria Internacional del Libro de la Universidad Aut\u00f3noma de Baja California (FIL UABC) arranc\u00f3 en los campus de Tijuana y Ensenada, donde se llevar\u00e1 a cabo del jueves 23&hellip;<\/p>\n","protected":false},"author":3,"featured_media":7040,"comment_status":"open","ping_status":"open","sticky":false,"template":"","format":"standard","meta":{"footnotes":""},"categories":[516],"tags":[203,347,5900,5902,502,5903,202,468],"class_list":["post-7039","post","type-post","status-publish","format-standard","has-post-thumbnail","hentry","category-education","tag-bajacalifornia","tag-ensenada","tag-filuabc","tag-libro","tag-luisenriquepalafoxmaestre","tag-rectoruabc","tag-tijuana","tag-uabc"],"_links":{"self":[{"href":"https:\/\/newspepper.mx\/index.php?rest_route=\/wp\/v2\/posts\/7039","targetHints":{"allow":["GET"]}}],"collection":[{"href":"https:\/\/newspepper.mx\/index.php?rest_route=\/wp\/v2\/posts"}],"about":[{"href":"https:\/\/newspepper.mx\/index.php?rest_route=\/wp\/v2\/types\/post"}],"author":[{"embeddable":true,"href":"https:\/\/newspepper.mx\/index.php?rest_route=\/wp\/v2\/users\/3"}],"replies":[{"embeddable":true,"href":"https:\/\/newspepper.mx\/index.php?rest_route=%2Fwp%2Fv2%2Fcomments&post=7039"}],"version-history":[{"count":1,"href":"https:\/\/newspepper.mx\/index.php?rest_route=\/wp\/v2\/posts\/7039\/revisions"}],"predecessor-version":[{"id":7041,"href":"https:\/\/newspepper.mx\/index.php?rest_route=\/wp\/v2\/posts\/7039\/revisions\/7041"}],"wp:featuredmedia":[{"embeddable":true,"href":"https:\/\/newspepper.mx\/index.php?rest_route=\/wp\/v2\/media\/7040"}],"wp:attachment":[{"href":"https:\/\/newspepper.mx\/index.php?rest_route=%2Fwp%2Fv2%2Fmedia&parent=7039"}],"wp:term":[{"taxonomy":"category","embeddable":true,"href":"https:\/\/newspepper.mx\/index.php?rest_route=%2Fwp%2Fv2%2Fcategories&post=7039"},{"taxonomy":"post_tag","embeddable":true,"href":"https:\/\/newspepper.mx\/index.php?rest_route=%2Fwp%2Fv2%2Ftags&post=7039"}],"curies":[{"name":"wp","href":"https:\/\/api.w.org\/{rel}","templated":true}]}}